{"id":44893,"date":"2011-10-10T10:41:57","date_gmt":"2011-10-10T08:41:57","guid":{"rendered":"http:\/\/www.hier-luebeck.de\/?p=44893"},"modified":"2011-10-10T10:41:57","modified_gmt":"2011-10-10T08:41:57","slug":"herbstferienprogramm-in-den-lubecker-museen","status":"publish","type":"post","link":"https:\/\/hier-luebeck.de\/index.php\/herbstferienprogramm-in-den-lubecker-museen\/","title":{"rendered":"Herbstferienprogramm in den  L\u00fcbecker Museen"},"content":{"rendered":"<p>Der Herbst steht vor der T\u00fcr. F\u00fcr ein ebenso buntes wie abwechslungsreiches Ferienprogramm sorgen die L\u00fcbecker Museen. Das museumsp\u00e4dagogische Programm bietet Kindern und Jugendlichen ma\u00dfgeschneiderte Ideen f\u00fcr regnerische Herbsttage. Los geht es am Dienstag, 11. Oktober mit der Ferienpass-Aktion: \u201eSchneesturm, Schlitten und Schamanen!\u201c in der Kunsthalle St. Annen. Im Rahmen der V\u00f6lkerkundeausstellung erfahren die jungen Museumsbesucher mehr \u00fcber den Eskimojungen Nunuk und das Volk der Inuit.<!--more--> Ein Workshopangebot f\u00fcr Kinder von 7 bis 12 Jahren von 11.00 bis 13.00 Uhr. Teilnahmegeb\u00fchr: 8 Euro. Einen Tag sp\u00e4ter, am Mittwoch, 12. Oktober l\u00e4dt erneut die Ferienpass-Aktion in die Kunsthalle St. Annen ein. Dann wird sich alles rund um \u201eGeheimnisvolle Welten verschiedener Kulturen S\u00fcdamerikas\u201c handeln. Auf dem Programm steht eine magische Reise durch die Ausstellung. Au\u00dferdem werden die Kinder ein \u201eGottesauge\u201c auch \u201eOjo de dios\u201c genannt, basteln. Ein Workshopangebot f\u00fcr Kinder von 7 bis 12 Jahren von 11.00 bis 13.00 Uhr. Teilnahmegeb\u00fchr: 8 Euro. Am Donnerstag, 13. Oktober schickt die V\u00f6lkerkundesammlung junge Forscher auf \u201eExpedition Afrika \u2013 Rallye mit Mitmachaktion\u201c. Auf der Rallye begegnen die Teilnehmer wilden Tieren, Tropenkrankheiten und den Medizinm\u00e4nnern des Geheimbundes \u201ewei\u00dfer Handschuh\u201c. Eine Aktion im Rahmen des Ferienpasses. Ein Workshopangebot f\u00fcr Kinder von 7 bis 12 Jahren von 11.00 bis 13.00 Uhr. Teilnahmegeb\u00fchr: 8 Euro. Der Workshop findet ein zweites Mal am Donnerstag, 20. Oktober statt. Am selben Tag, Donnerstag, 13. Oktober findet im Kulturforum Burgkloster ein Workshop zu Arbeiten mit Ton statt. K\u00fcnstlerin Renate Ursula Becker arbeitet mit den Kindern zum Thema \u201eEin interessanter Kopf\u201c. Hierzu bitte Tuppergef\u00e4\u00df oder Pappkarton mitbringen. Ein Angebot f\u00fcr Kinder von 8 bis 12 Jahren von 14.30 bis 16.30 Uhr. Teilnahmegeb\u00fchr: 3 Euro. Am Freitag, 14. Oktober werden wieder fremde V\u00f6lker und Kulturen entdeckt. Dazu bietet die Kunsthalle St. Annen den Kurs \u201eDer Weg der schwarzen Tusche\u201c. Wie einst die Zen-Buddhisten und Samurai wird mit Reibstein, Tusche, Pinsel und Papier gearbeitet. Ein Workshopangebot im Rahmen der Aktion Ferienpass f\u00fcr Kinder von 6 bis 12 Jahren von 11.00 bis 13.00 Uhr. Teilnahmegeb\u00fchr: 8 Euro. Der Workshop findet ein zweites Mal am Freitag, 21.Oktober von 14.30 bis 16.30 statt. Es bleibt fern\u00f6stlich. Die Kunsthalle St. Annen l\u00e4dt ein zu \u201eM\u00e4rchenhafte Reise um die Welt \u2013 M\u00e4rchen aus Asien\u201c. Vorgetragen werden Geschichten aus f\u00fcnf Kontinenten f\u00fcr Erwachsene und Kinder am 14. Oktober, 15.00 bis 16.00 Uhr. Teilnahmegeb\u00fchr: 7,00\/3,50\/1,00 Euro. Die Reihe FamilienSonntag  gastiert am 16. Oktober im Industriemuseum Geschichtswerkstatt Herrenwyk. Hier dreht sich alles rund um die Frage \u201eWie entsteht ein Buddelschiff?\u201c Ein echter Buddelschiffchenbauer zeigt wie ein Schiffchen in eine Flasche mit engem Flaschenhals kommt. Eine Veranstaltung f\u00fcr Familien mit Kindern im Alter von 6 bis 12 Jahren von 11.00 bis 13.00 Uhr. Teilnahmegeb\u00fchr: 7 Euro (1 Erwachsener und Kinder); 10 Euro (2 Erwachsene und Kinder). In der Herbstferienaktion des Museums f\u00fcr Natur und Umwelt begibt sich die Ferienpass-Aktion an drei aufeinanderfolgenden Tagen  auf die Fersen der W\u00f6lfe. Die aktuelle Sonderausstellung tr\u00e4gt den Titel \u201eW\u00f6lfe\u201c. Die Kinder werden zu Wolf-Forschern, entdecken das Rudelverhalten und lernen Spuren zu lesen. Ein Workshopangebot am 18., 19. und 20. Oktober. F\u00fcr Kinder von 8 bis 12 Jahren von jeweils 09.30 bis 12.30 Uhr. Teilnahmegeb\u00fchr: 5 Euro. Die Kunsthalle St. Annen macht darauf aufmerksam, dass dort ein geheimnisvoller Koffer aus fernen Kontinenten abgegeben worden ist! Am Dienstag, 18. Oktober wird der \u201eAlle Welt-Museumskoffer\u201c ge\u00f6ffnet. Die zum Vorschein kommenden Inhalte f\u00fchren auf eine Entdeckungsreise mit vielen \u00dcberraschungen. Ein Workshopangebot f\u00fcr Kinder von 6 bis 12 Jahren von 10.30 bis 12.30 Uhr. Eine Aktion im Rahmen der Veranstaltungsreihe Ferienpass. Teilnahmegeb\u00fchr: 8 Euro. Das Kulturforum Burgkloster bietet am Mittwoch, 19. Oktober den Workshop \u201eMeine Lieblingsfarbe ver\u00e4ndern\u201c. Eine Malaktion mit der K\u00fcnstlerin Germa Ohlhaver von Heydebreck in der Ausstellung \u201eAnamnisis\u201c. Ein Workshopangebot f\u00fcr Kinder von 8 bis 12 Jahren von 14.30 bis 16.30 Uhr. Teilnahmegeb\u00fchr: 3 Euro.<br \/>\nAlle nachfolgenden Aktionen finden in der Kunsthalle St. Annen statt. Am Mittwoch, 19. Oktober wird es subtropisch. Die Ferienpass-Aktion fragt \u201eWie leben Indianerkinder im Regenwald\u201c? Im Mittelpunkt stehen die Warao-Indianer Venezuelas. Einen Tag sp\u00e4ter, Donnerstag, 20. Oktober geht es um das \u201eAbenteuer Europa!\u201c. Den Kontinent kennen lernen und mehr \u00fcber Sprachen, L\u00e4nder und Weltreligionen erfahren. Antworten bietet die aktuelle Ausstellung \u201eWelten entdecken\u201c. Beide Workshopangebote sind f\u00fcr Kinder von 6 bis 12 Jahren von jeweils 10.30 bis 12.30 Uhr. Die Angebote sind eine Aktion der Reihe Ferienpass. Teilnahmegeb\u00fchr: 8 Euro. Bevor sich die Ferien dem Ende neigen, geht es noch einmal auf Reise. Ziel der Ferienpass-Aktion: \u201eAus Jurten und Basaren\u201c ist Zentralasien. Die Teilnehmer erweitern ihren Wissensschatz und bekommen Informationen \u00fcber Nomaden und Oasen, \u00fcber das Wohnen in der Jurte und warum Hundesch\u00e4del Krankheiten vertreiben. Ein Workshopangebot f\u00fcr Kinder von 6 bis 12 Jahren von 10.30 bis 12.30 Uhr. Teilnahmegeb\u00fchr: 8 Euro.<br \/>\nWas kann sch\u00f6ner sein, als sich an st\u00fcrmischen Herbsttagen Geschichten vorlesen zu lassen? Die Kunsthalle St. Annen l\u00e4dt am 21. Oktober von 15.00 bis 16.00 Uhr zur \u201eM\u00e4rchenhafte Reise um die Welt- M\u00e4rchen aus Deutschland\u201c. Mitglieder und Freunde der Gesellschaft f\u00fcr Geographie und V\u00f6lkerkunde lesen vor. Eine Lesung f\u00fcr Erwachsene und Kinder Teilnahmegeb\u00fchr: 7,00\/3,50\/1,00 Euro. Der FamilienSonntag am 23. Oktober verspricht s\u00fcdamerikanische Lebensfreude pur: \u201eGeschichten und Spiele aus S\u00fcdamerika\u201c stehen im Mittelpunkt und es darf getanzt werden: Samba und Salsa. Eine Veranstaltung f\u00fcr Familien mit Kindern im Alter von 11.00 bis 13.00 Uhr. Teilnahmegeb\u00fchr: 9 Euro (1 Erwachsener und Kinder); 12 Euro (2 Erwachsene und Kinder).<br \/>\nF\u00fcr alle Veranstaltungen werden Anmeldungen erbeten:<br \/>\nKunsthalle St. Annen: 0451\/122 4137; Kulturforum Burgkloster mit Museum f\u00fcr Arch\u00e4ologie: 0451\/122 4195; Industriemuseum Geschichtswerkstatt Herrenwyk: 0451\/74894; Museum f\u00fcr Natur und Umwelt: 0451\/122 2296<\/p>\n","protected":false},"excerpt":{"rendered":"<p>Der Herbst steht vor der T\u00fcr. F\u00fcr ein ebenso buntes wie abwechslungsreiches Ferienprogramm sorgen die L\u00fcbecker Museen. Das museumsp\u00e4dagogische Programm<\/p>\n","protected":false},"author":3,"featured_media":0,"comment_status":"open","ping_status":"open","sticky":false,"template":"","format":"standard","meta":{"colormag_page_container_layout":"default_layout","colormag_page_sidebar_layout":"default_layout","footnotes":""},"categories":[13],"tags":[],"class_list":["post-44893","post","type-post","status-publish","format-standard","hentry","category-veranstaltungen"],"_links":{"self":[{"href":"https:\/\/hier-luebeck.de\/index.php\/wp-json\/wp\/v2\/posts\/44893","targetHints":{"allow":["GET"]}}],"collection":[{"href":"https:\/\/hier-luebeck.de\/index.php\/wp-json\/wp\/v2\/posts"}],"about":[{"href":"https:\/\/hier-luebeck.de\/index.php\/wp-json\/wp\/v2\/types\/post"}],"author":[{"embeddable":true,"href":"https:\/\/hier-luebeck.de\/index.php\/wp-json\/wp\/v2\/users\/3"}],"replies":[{"embeddable":true,"href":"https:\/\/hier-luebeck.de\/index.php\/wp-json\/wp\/v2\/comments?post=44893"}],"version-history":[{"count":0,"href":"https:\/\/hier-luebeck.de\/index.php\/wp-json\/wp\/v2\/posts\/44893\/revisions"}],"wp:attachment":[{"href":"https:\/\/hier-luebeck.de\/index.php\/wp-json\/wp\/v2\/media?parent=44893"}],"wp:term":[{"taxonomy":"category","embeddable":true,"href":"https:\/\/hier-luebeck.de\/index.php\/wp-json\/wp\/v2\/categories?post=44893"},{"taxonomy":"post_tag","embeddable":true,"href":"https:\/\/hier-luebeck.de\/index.php\/wp-json\/wp\/v2\/tags?post=44893"}],"curies":[{"name":"wp","href":"https:\/\/api.w.org\/{rel}","templated":true}]}}