{"id":44896,"date":"2011-10-10T10:44:49","date_gmt":"2011-10-10T08:44:49","guid":{"rendered":"http:\/\/www.hier-luebeck.de\/?p=44896"},"modified":"2011-10-10T10:44:49","modified_gmt":"2011-10-10T08:44:49","slug":"friedrich-besucht-afghanistan","status":"publish","type":"post","link":"https:\/\/hier-luebeck.de\/index.php\/friedrich-besucht-afghanistan\/","title":{"rendered":"Friedrich besucht Afghanistan"},"content":{"rendered":"<p>Bundesinnenminister Hans Peter Friedrich ist am Sonntagmorgen in Afghanistan eingetroffen. In der Hauptstadt Kabul sowie in den nordafghanischen St\u00e4dten Kundus und Mazar-e-Sharif wird sich Friedrich \u00fcber Fortschritte beim Polizeiaufbau informieren, mit dort eingesetzten deutschen Polizeibeamten sprechen sowie Gespr\u00e4che mit politischen und milit\u00e4rischen Entscheidungstr\u00e4gern f\u00fchren.  In Mazar-e-Sharif ist zudem die Einweihung der Polizeiakademie-Au\u00dfenstelle vorgesehen. <!--more--><\/p>\n<p>Zum Auftakt seiner Reise, kurz nach der Landung in Kundus, erkl\u00e4rte der Bundesinnenminister: &#8222;Seit neun Jahren leisten deutsche Polizeiberater einen wertvollen Beitrag zum Aufbau ziviler Sicherheitsstrukturen in Afghanistan. Wir haben, mit dem Engagement und der Unterst\u00fctzung auch anderer Staaten, viel f\u00fcr die afghanische Polizei erreicht.&#8220;<\/p>\n<p>Es ist die erste Reise Friedrichs nach Afghanistan seit seinem Amtsantritt als Bundesinnenminister im M\u00e4rz diesen Jahres. Derzeit sind \u00fcber 200 deutsche Polizisten als Ausbilder und Berater am Hindukusch t\u00e4tig.<\/p>\n","protected":false},"excerpt":{"rendered":"<p>Bundesinnenminister Hans Peter Friedrich ist am Sonntagmorgen in Afghanistan eingetroffen. In der Hauptstadt Kabul sowie in den nordafghanischen St\u00e4dten Kundus<\/p>\n","protected":false},"author":3,"featured_media":0,"comment_status":"open","ping_status":"open","sticky":false,"template":"","format":"standard","meta":{"colormag_page_container_layout":"default_layout","colormag_page_sidebar_layout":"default_layout","footnotes":""},"categories":[5],"tags":[],"class_list":["post-44896","post","type-post","status-publish","format-standard","hentry","category-politik-wirtschaft"],"_links":{"self":[{"href":"https:\/\/hier-luebeck.de\/index.php\/wp-json\/wp\/v2\/posts\/44896","targetHints":{"allow":["GET"]}}],"collection":[{"href":"https:\/\/hier-luebeck.de\/index.php\/wp-json\/wp\/v2\/posts"}],"about":[{"href":"https:\/\/hier-luebeck.de\/index.php\/wp-json\/wp\/v2\/types\/post"}],"author":[{"embeddable":true,"href":"https:\/\/hier-luebeck.de\/index.php\/wp-json\/wp\/v2\/users\/3"}],"replies":[{"embeddable":true,"href":"https:\/\/hier-luebeck.de\/index.php\/wp-json\/wp\/v2\/comments?post=44896"}],"version-history":[{"count":0,"href":"https:\/\/hier-luebeck.de\/index.php\/wp-json\/wp\/v2\/posts\/44896\/revisions"}],"wp:attachment":[{"href":"https:\/\/hier-luebeck.de\/index.php\/wp-json\/wp\/v2\/media?parent=44896"}],"wp:term":[{"taxonomy":"category","embeddable":true,"href":"https:\/\/hier-luebeck.de\/index.php\/wp-json\/wp\/v2\/categories?post=44896"},{"taxonomy":"post_tag","embeddable":true,"href":"https:\/\/hier-luebeck.de\/index.php\/wp-json\/wp\/v2\/tags?post=44896"}],"curies":[{"name":"wp","href":"https:\/\/api.w.org\/{rel}","templated":true}]}}