{"id":44908,"date":"2011-10-10T13:14:08","date_gmt":"2011-10-10T11:14:08","guid":{"rendered":"http:\/\/www.hier-luebeck.de\/?p=44908"},"modified":"2011-10-10T13:14:08","modified_gmt":"2011-10-10T11:14:08","slug":"bundesinnenminister-friedrich-eroffnet-polizeiakademie-in-mazar-e-sharif","status":"publish","type":"post","link":"https:\/\/hier-luebeck.de\/index.php\/bundesinnenminister-friedrich-eroffnet-polizeiakademie-in-mazar-e-sharif\/","title":{"rendered":"Bundesinnenminister Friedrich er\u00f6ffnet Polizeiakademie in Mazar-e-Sharif"},"content":{"rendered":"<p>Im Rahmen seines seit Sonntag stattfindenden Besuchs in Afghanistan hat Bundesinnenminister Dr. Hans-Peter Friedrich die Polizeiakademie-Au\u00dfenstelle in Mazar-e-Sharif eingeweiht. Mit der Er\u00f6ffnung der Au\u00dfenstelle der Akademie k\u00f6nnen ab sofort bis zu 600 Polizeiunteroffiziere in eigens konzipierten Lehrg\u00e4ngen unterrichtet werden. In K\u00fcrze werden bis zu 70 afghanische Trainer an dieser Polizeischule eingesetzt. Deutsche Polizisten werden dabei den afghanischen Lehrern, nach dem bew\u00e4hrten Vorbild der Polizeiakademie in Kabul, beratend zur Seite stehen.<!--more--><br \/>\n&#8222;Auch dieser Neubau unterstreicht sichtbar das deutsche Engagement beim Polizeiaufbau in Afghanistan, das auf eine erfolgreiche und langj\u00e4hrige Zusammenarbeit zur\u00fcckblicken kann&#8220;, erkl\u00e4rte Dr. Friedrich im Beisein des Vize-Innenministers Mirza Yarmand und des deutschen Botschafters R\u00fcdiger K\u00f6nig sowie der regionalen Polizei-und Sicherheitsverantwortlichen. Deutschland habe sich mit seinem erfolgreichen Engagement seit 2002 auf den Norden des Landes konzentriert und insbesondere im Bereich der Aus- und Fortbildung der afghanischen Polizisten in den Polizeitrainingszentren Kunduz, Feyzabad sowie Mazar-e-Sharif eingebracht.<br \/>\nWeiter f\u00fchrte der Bundesinnenminister aus: &#8222;Gemeinsam mit anderen Nationen und Ressorts beteiligen wir uns am zivilen Wiederaufbau in Afghanistan. Wenn Afghanistan ab 2014 die Verantwortung im eigenen Land \u00fcbernehmen soll, ist die Gew\u00e4hrleistung der Sicherheit f\u00fcr die Bev\u00f6lkerung die wichtigste Voraussetzung. Das kann nur durch den Aufbau stabiler Sicherheitsstrukturen sowie einer an rechtsstaatlichen Grunds\u00e4tzen ausgerichteten Polizei und Justiz gelingen. Das wesentliche Ziel unseres Engagements in Afghanistan ist deshalb, den Aufbau und die St\u00e4rkung dieser Sicherheitsstrukturen zu unterst\u00fctzen. Eine daraus folgende Stabilit\u00e4t ist die Grundlage f\u00fcr eine wirtschaftliche und gesellschaftliche Entwicklung.<br \/>\nDie \u00dcbergabe der Sicherheitsverantwortung in afghanische H\u00e4nde und der damit im Zusammenhang stehende Aufwuchs der afghanischen Nationalpolizei auf eine St\u00e4rke von 157.000 bis November 2012 erfordern eine Intensivierung der Aus- und Fortbildung der internationalen Staatengemeinschaft. Wir unterst\u00fctzen diesen Aufwuchs durch die Verdopplung der Trainingskapazit\u00e4ten in den deutschen Polizeitrainingszentren von derzeit 760 auf \u00fcber 1.600 Ausbildungspl\u00e4tze, bevor wir nach einem festgelegten Zeitplan, Schritt f\u00fcr Schritt, die Verantwortung \u00fcbergeben.<br \/>\nUnseren Polizeibeamten gilt f\u00fcr ihr Engagement der Dank meiner Kolleginnen und Kollegen aus den L\u00e4ndern und von mir pers\u00f6nlich.&#8220;<br \/>\nMinister Friedrich betonte zudem, dass auch k\u00fcnftig die Sicherheit der eingesetzten deutschen Polizeiexperten oberste Priorit\u00e4t genie\u00dfe.<\/p>\n<p>Deutschland beteiligt sich mit bis zu 200 Polizistinnen und Polizisten aus Bund und L\u00e4ndern im deutschen bilateralen Polizeiprojekt (GPPT) am Polizeiaufbau in Afghanistan. Weitere bis zu 50 deutsche Polizistinnen und Polizisten sowie zivile Experten sind dar\u00fcber hinaus bei der EUPOL Mission Afghanistan eingesetzt.<br \/>\nBis heute haben allein die deutschen Polizisten rund 42.000 afghanische Polizisten qualifiziert. Dar\u00fcber hinaus unterst\u00fctzt Deutschland die afghanische Polizei durch Ausstattungshilfe und mit Infrastrukturprojekten.<\/p>\n","protected":false},"excerpt":{"rendered":"<p>Im Rahmen seines seit Sonntag stattfindenden Besuchs in Afghanistan hat Bundesinnenminister Dr. Hans-Peter Friedrich die Polizeiakademie-Au\u00dfenstelle in Mazar-e-Sharif eingeweiht. Mit<\/p>\n","protected":false},"author":3,"featured_media":0,"comment_status":"open","ping_status":"open","sticky":false,"template":"","format":"standard","meta":{"colormag_page_container_layout":"default_layout","colormag_page_sidebar_layout":"default_layout","footnotes":""},"categories":[5],"tags":[],"class_list":["post-44908","post","type-post","status-publish","format-standard","hentry","category-politik-wirtschaft"],"_links":{"self":[{"href":"https:\/\/hier-luebeck.de\/index.php\/wp-json\/wp\/v2\/posts\/44908","targetHints":{"allow":["GET"]}}],"collection":[{"href":"https:\/\/hier-luebeck.de\/index.php\/wp-json\/wp\/v2\/posts"}],"about":[{"href":"https:\/\/hier-luebeck.de\/index.php\/wp-json\/wp\/v2\/types\/post"}],"author":[{"embeddable":true,"href":"https:\/\/hier-luebeck.de\/index.php\/wp-json\/wp\/v2\/users\/3"}],"replies":[{"embeddable":true,"href":"https:\/\/hier-luebeck.de\/index.php\/wp-json\/wp\/v2\/comments?post=44908"}],"version-history":[{"count":0,"href":"https:\/\/hier-luebeck.de\/index.php\/wp-json\/wp\/v2\/posts\/44908\/revisions"}],"wp:attachment":[{"href":"https:\/\/hier-luebeck.de\/index.php\/wp-json\/wp\/v2\/media?parent=44908"}],"wp:term":[{"taxonomy":"category","embeddable":true,"href":"https:\/\/hier-luebeck.de\/index.php\/wp-json\/wp\/v2\/categories?post=44908"},{"taxonomy":"post_tag","embeddable":true,"href":"https:\/\/hier-luebeck.de\/index.php\/wp-json\/wp\/v2\/tags?post=44908"}],"curies":[{"name":"wp","href":"https:\/\/api.w.org\/{rel}","templated":true}]}}