{"id":44929,"date":"2011-10-10T13:32:56","date_gmt":"2011-10-10T11:32:56","guid":{"rendered":"http:\/\/www.hier-luebeck.de\/?p=44929"},"modified":"2011-10-10T13:32:56","modified_gmt":"2011-10-10T11:32:56","slug":"jan-korte-innenminister-muss-schweigen-zu-bundestrojaner-brechen","status":"publish","type":"post","link":"https:\/\/hier-luebeck.de\/index.php\/jan-korte-innenminister-muss-schweigen-zu-bundestrojaner-brechen\/","title":{"rendered":"Jan Korte: Innenminister muss Schweigen zu Bundestrojaner brechen"},"content":{"rendered":"<p><a rel=\"attachment wp-att-32034\" href=\"http:\/\/www.hier-luebeck.de\/2011\/04\/gesine-lotzsch-verheerenden-boom-von-minijobs-stoppen\/die-linke\/\"><img loading=\"lazy\" decoding=\"async\" class=\"alignleft size-full wp-image-32034\" title=\"DIE LINKE\" src=\"http:\/\/www.hier-luebeck.de\/wp-content\/uploads\/2011\/04\/DIE-LINKE.jpg\" alt=\"\" width=\"239\" height=\"86\" \/><\/a>Berlin (ots) &#8211; &#8222;Jetzt m\u00fcssen sofort alle Karten auf den Tisch. Wenn es nicht das BKA war, dann muss gekl\u00e4rt werden, wer es denn dann in wessen Auftrag war. Wenn sich herausstellt, dass sich Bundes- oder Landesbeh\u00f6rden verselbstst\u00e4ndigt haben, kann das nicht ohne personelle Konsequenzen bleiben&#8220;, erkl\u00e4rt Jan Korte, Mitglied im Vorstand der Fraktion DIE LINKE, zu Vorw\u00fcrfen \u00fcber den Einsatz illegaler staatlicher \u00dcberwachungssoftware. &#8222;Ich begr\u00fc\u00dfe ausdr\u00fccklich das Versprechen von Bundesjustizministerin Sabine Leutheusser-Schnarrenberger (FDP), in Sachen Bundestrojaner f\u00fcr &#8218;totale Transparenz und Aufkl\u00e4rung&#8216; sorgen zu wollen. So etwas h\u00e4tte ich allerdings auch vom zust\u00e4ndigen Bundesinnenminister Friedrich (CSU) erwartet. Er wird im Innenausschuss des Bundestages n\u00e4chste Woche Rede und Antwort stehen m\u00fcssen.&#8220; Korte weiter:<!--more--><\/p>\n<p>&#8222;Es ist unfassbar, dass derjenige, der eigentlich f\u00fcr Klarheit und konsequentes Handeln sorgen m\u00fcsste, schweigt und stattdessen den Vorsitzenden des Innenausschusses mit dreisten Forderungen an die Adresse der Aufkl\u00e4rer vorschickt. Die Innenpolitiker der Union sollten angesichts der Tragweite der Vorw\u00fcrfe mit etwas mehr Zur\u00fcckhaltung und Demut zu Werke gehen. Nicht der Chaos Computer Club, sondern die Sicherheitsbeh\u00f6rden von Bund und L\u00e4ndern m\u00fcssen liefern und zwar Belege daf\u00fcr, dass sie keinen Verfassungsbruch begangen haben. Das sollte bei einem demokratisch kontrollierten Sicherheitsapparat doch kein Problem sein. Es muss unverz\u00fcglich Klarheit dar\u00fcber geschaffen werden, wer die illegale Schn\u00fcffelsoftware von wem entwickeln lie\u00df, welche Polizei- oder Sicherheitsbeh\u00f6rden in wie vielen F\u00e4llen und gegen wen den Trojaner eingesetzt haben und ob noch weitere illegale staatliche Schn\u00fcffelsoftware im Einsatz ist. Es muss auch aufgedeckt werden, welche Softwareschmieden mit den Sicherheitsbeh\u00f6rden kooperieren und welche Hard- und Software die Sicherheitsbeh\u00f6rden eigentlich outgesourct haben. Und es muss sichergestellt werden, dass diese illegalen Methoden sofort und vollst\u00e4ndig beendet und die Verantwortlichen daf\u00fcr zur Rechenschaft gezogen werden.<\/p>\n<p>DIE LINKE hat bereits im Juli 2010 einen Antrag &#8218;Befugnis des Bundeskriminalamtes zur Online-Durchsuchung aufheben&#8216; (Drucksache 17\/2423) in den Bundestag eingebracht. Die Bundesjustizministerin kann hier in K\u00fcrze in der zweiten und dritten Lesung zeigen, wie ernst sie es mit dem Schutz des Kernbereichs der privaten Lebensgestaltung meint.&#8220;<\/p>\n","protected":false},"excerpt":{"rendered":"<p>Berlin (ots) &#8211; &#8222;Jetzt m\u00fcssen sofort alle Karten auf den Tisch. Wenn es nicht das BKA war, dann muss gekl\u00e4rt<\/p>\n","protected":false},"author":3,"featured_media":0,"comment_status":"open","ping_status":"open","sticky":false,"template":"","format":"standard","meta":{"colormag_page_container_layout":"default_layout","colormag_page_sidebar_layout":"default_layout","footnotes":""},"categories":[5],"tags":[],"class_list":["post-44929","post","type-post","status-publish","format-standard","hentry","category-politik-wirtschaft"],"_links":{"self":[{"href":"https:\/\/hier-luebeck.de\/index.php\/wp-json\/wp\/v2\/posts\/44929","targetHints":{"allow":["GET"]}}],"collection":[{"href":"https:\/\/hier-luebeck.de\/index.php\/wp-json\/wp\/v2\/posts"}],"about":[{"href":"https:\/\/hier-luebeck.de\/index.php\/wp-json\/wp\/v2\/types\/post"}],"author":[{"embeddable":true,"href":"https:\/\/hier-luebeck.de\/index.php\/wp-json\/wp\/v2\/users\/3"}],"replies":[{"embeddable":true,"href":"https:\/\/hier-luebeck.de\/index.php\/wp-json\/wp\/v2\/comments?post=44929"}],"version-history":[{"count":0,"href":"https:\/\/hier-luebeck.de\/index.php\/wp-json\/wp\/v2\/posts\/44929\/revisions"}],"wp:attachment":[{"href":"https:\/\/hier-luebeck.de\/index.php\/wp-json\/wp\/v2\/media?parent=44929"}],"wp:term":[{"taxonomy":"category","embeddable":true,"href":"https:\/\/hier-luebeck.de\/index.php\/wp-json\/wp\/v2\/categories?post=44929"},{"taxonomy":"post_tag","embeddable":true,"href":"https:\/\/hier-luebeck.de\/index.php\/wp-json\/wp\/v2\/tags?post=44929"}],"curies":[{"name":"wp","href":"https:\/\/api.w.org\/{rel}","templated":true}]}}