{"id":44954,"date":"2011-10-10T10:34:13","date_gmt":"2011-10-10T08:34:13","guid":{"rendered":"http:\/\/www.hier-luebeck.de\/?p=44954"},"modified":"2011-10-10T22:09:16","modified_gmt":"2011-10-10T20:09:16","slug":"tag-der-offenen-tur-am-08-10-2011-der-freiwilligen-feuerwehr-timmendorfer-strand-des-malteser-hilfsdienstes-und-der-polizeizentralstation-timmendorfer-strand","status":"publish","type":"post","link":"https:\/\/hier-luebeck.de\/index.php\/tag-der-offenen-tur-am-08-10-2011-der-freiwilligen-feuerwehr-timmendorfer-strand-des-malteser-hilfsdienstes-und-der-polizeizentralstation-timmendorfer-strand\/","title":{"rendered":"Tag der Offenen T\u00fcr am 08.10.2011 der Freiwilligen Feuerwehr Timmendorfer Strand, des Malteser Hilfsdienstes und der Polizeizentralstation Timmendorfer Strand"},"content":{"rendered":"<p><strong><a href=\"http:\/\/www.tbf-presseagentur.de\/cgi-bin\/thumbpage\/thumbpage.cgi?luebeck\/today\/10Oktober11\/bilder\/Tag-der-offenen-Tuer-TDF\" target=\"_blank\">\u201cZum Bilderbogen\u201d<\/a><\/strong><br \/>\n<a rel=\"attachment wp-att-44962\" href=\"http:\/\/www.hier-luebeck.de\/2011\/10\/tag-der-offenen-tur-am-08-10-2011-der-freiwilligen-feuerwehr-timmendorfer-strand-des-malteser-hilfsdienstes-und-der-polizeizentralstation-timmendorfer-strand\/tag-der-offenen-tuer-am-08-10-2011-timmendorfer-strand_rothe_071\/\"><img loading=\"lazy\" decoding=\"async\" class=\"size-full wp-image-44962 alignright\" title=\"Tag-der-Offenen-Tuer-am-08.10.2011-Timmendorfer Strand_Rothe_071\" src=\"http:\/\/www.hier-luebeck.de\/wp-content\/uploads\/2011\/10\/Tag-der-Offenen-Tuer-am-08.10.2011-Timmendorfer-Strand_Rothe_071.jpg\" alt=\"\" width=\"520\" height=\"345\" srcset=\"https:\/\/hier-luebeck.de\/wp-content\/uploads\/2011\/10\/Tag-der-Offenen-Tuer-am-08.10.2011-Timmendorfer-Strand_Rothe_071.jpg 520w, https:\/\/hier-luebeck.de\/wp-content\/uploads\/2011\/10\/Tag-der-Offenen-Tuer-am-08.10.2011-Timmendorfer-Strand_Rothe_071-320x212.jpg 320w, https:\/\/hier-luebeck.de\/wp-content\/uploads\/2011\/10\/Tag-der-Offenen-Tuer-am-08.10.2011-Timmendorfer-Strand_Rothe_071-426x282.jpg 426w\" sizes=\"auto, (max-width: 520px) 100vw, 520px\" \/><\/a><strong>Text und Fotos: TBF\/Harald Rothe<\/strong> &#8211; Am Samstag, 08.10.2011, in der Zeit von 11:00 Uhr bis 16:00 Uhr f\u00fchrten o.a. Organisationen einen Tag der Offenen T\u00fcr auf den Betriebsgel\u00e4nden der FFw Timmendorfer Strand und des Malteser Hilfsdienstes Timmendorfer Strand an der B76 (B\u00e4derrandstra\u00dfe) durch. Das vorher gesagte schlechte Wetter hatte ein Einsehen und wartete bis Montag, sodass am Veranstaltungstag durchweg annehmbares Wetter\u00a0 mit ausgedehnten Sonnenscheinperioden und am Nachmittag wenige Regenschauer bei\u00a0 k\u00fchlen Temperaturen bot.<!--more-->Das Programm war reichhaltig:<\/p>\n<p>&#8211; Brandverh\u00fctungsvorf\u00fchrungen (wer h\u00e4tte gedacht, dass kleine Haarspraydosen mit solcher \u00a0\u00a0\u00a0\u00a0 Wucht explodieren k\u00f6nnen und erhitztes Fett bei Zugabe von Wasser in einer beeindruckend \u00a0\u00a0\u00a0 gro\u00dfen Eruption die Umgebung in Brand setzen kann)<\/p>\n<p>&#8211; Abl\u00f6schen einer in Brand geratenen Person mittels L\u00f6schdecke und Feuerl\u00f6scher<\/p>\n<p>&#8211; Bergung einer verletzten Person vom Dach mittels einer Drehleiter und not\u00e4rztlicher \u00a0 Versorgung am Boden<\/p>\n<p>&#8211; Vorf\u00fchrung der technischen Ger\u00e4te des Malteser Hilfsdienstes<\/p>\n<p>&#8211; Besuchshunde des Malteser Hilfsdienstes<\/p>\n<p>&#8211; Gurtschlitten des ADAC (simulierte 11 Km\/h gegen eine Wand setzen ungeahnte Energien \u00a0\u00a0\u00a0\u00a0\u00a0\u00a0 frei)<\/p>\n<p>&#8211; Fahrzeuge und technisches Ger\u00e4t der FFW (Spreizer und Rettungsschere, etc.)<\/p>\n<p>Polizei mit Motorrad und Wawe9 (Anziehungspunkte f\u00fcr GRO\u00df und klein)<\/p>\n<p>H\u00f6hepunkt war der &#8222;Abwurf&#8220; eines PKW aus 20 Meter H\u00f6he auf einen liegenden Baumstamm. Simuliert wurde damit ein Anprall gegen einen Baum mit ca. 70 Km\/h. Im Anschluss eine anschauliche Darstellung\u00a0 der Rettung von Fahrzeuginsassen aus dem verunfallten PKW<\/p>\n<p>Geboten wurden weiterhin Vorf\u00fchrungen der Feuerwehr Handpuppenb\u00fchne Fassensdorf, eine H\u00fcpfburg f\u00fcr Kinder und last but not least eine reichhaltige Verpflegung durch die K\u00fcche der Malteser (es gab sehr leckere Erbsensuppe mit Wurst) und nat\u00fcrlich Kaffee und Kuchen, organisiert von der Ehrenabteilung der FFw Tdf.<\/p>\n<p>Fast 500 Menschen lie\u00dfen sich angenehm unterhalten und ich w\u00fcnsche mir, dass viele von den Kindern und Erwachsenen diese Veranstaltung zum Anlass nehmen, Mitglied in der\u00a0 FFw oder dem MHD zu werden.<\/p>\n","protected":false},"excerpt":{"rendered":"<p>\u201cZum Bilderbogen\u201d Text und Fotos: TBF\/Harald Rothe &#8211; Am Samstag, 08.10.2011, in der Zeit von 11:00 Uhr bis 16:00 Uhr<\/p>\n","protected":false},"author":3,"featured_media":0,"comment_status":"open","ping_status":"open","sticky":false,"template":"","format":"standard","meta":{"colormag_page_container_layout":"default_layout","colormag_page_sidebar_layout":"default_layout","footnotes":""},"categories":[13],"tags":[],"class_list":["post-44954","post","type-post","status-publish","format-standard","hentry","category-veranstaltungen"],"_links":{"self":[{"href":"https:\/\/hier-luebeck.de\/index.php\/wp-json\/wp\/v2\/posts\/44954","targetHints":{"allow":["GET"]}}],"collection":[{"href":"https:\/\/hier-luebeck.de\/index.php\/wp-json\/wp\/v2\/posts"}],"about":[{"href":"https:\/\/hier-luebeck.de\/index.php\/wp-json\/wp\/v2\/types\/post"}],"author":[{"embeddable":true,"href":"https:\/\/hier-luebeck.de\/index.php\/wp-json\/wp\/v2\/users\/3"}],"replies":[{"embeddable":true,"href":"https:\/\/hier-luebeck.de\/index.php\/wp-json\/wp\/v2\/comments?post=44954"}],"version-history":[{"count":0,"href":"https:\/\/hier-luebeck.de\/index.php\/wp-json\/wp\/v2\/posts\/44954\/revisions"}],"wp:attachment":[{"href":"https:\/\/hier-luebeck.de\/index.php\/wp-json\/wp\/v2\/media?parent=44954"}],"wp:term":[{"taxonomy":"category","embeddable":true,"href":"https:\/\/hier-luebeck.de\/index.php\/wp-json\/wp\/v2\/categories?post=44954"},{"taxonomy":"post_tag","embeddable":true,"href":"https:\/\/hier-luebeck.de\/index.php\/wp-json\/wp\/v2\/tags?post=44954"}],"curies":[{"name":"wp","href":"https:\/\/api.w.org\/{rel}","templated":true}]}}