{"id":45002,"date":"2011-10-10T12:51:50","date_gmt":"2011-10-10T12:51:50","guid":{"rendered":"http:\/\/www.hier-luebeck.de\/2011\/10\/pol-rz-stormarn-07-10-2011-freitagtrittau-autofahrer-mit-33-promille-am-steuer\/"},"modified":"2011-10-10T12:51:50","modified_gmt":"2011-10-10T12:51:50","slug":"pol-rz-stormarn-07-10-2011-freitagtrittau-autofahrer-mit-33-promille-am-steuer","status":"publish","type":"post","link":"https:\/\/hier-luebeck.de\/index.php\/pol-rz-stormarn-07-10-2011-freitagtrittau-autofahrer-mit-33-promille-am-steuer\/","title":{"rendered":"POL-RZ: Stormarn\/ 07.10.2011, Freitag\nTrittau- Autofahrer mit 3,3 Promille am Steuer"},"content":{"rendered":"<p>Ratzeburg (ots) &#8211; Ein Autofahrer war am Freitagabend in der  Kirchstra\u00dfe durch seine extrem unsichere Fahrweise aufgefallen. Eine  Autofahrerin teilte gegen 19.40 Uhr der Polizei mit, dass sie gerade  hinter einem KIA hinterher fahre. Der Fahrer war mit dem Wagen  bereits mehrfach gegen die Bordsteinkanten gefahren und befand sich  nun auf dem Weg in Richtung der Vorburgstra\u00dfe.<!--more--> Kurz darauf fanden die Polizeibeamten den geparkten KIA in der Stra\u00dfe Katerstieg vor. Der  60- j\u00e4hrige Trittauer sa\u00df nun auf dem Beifahrersitz und war zun\u00e4chst  nicht in der Lage, den Wagen von innen zu entriegeln. Erst nach  l\u00e4ngerem Zureden der Polizisten, gelang es ihm offenbar doch noch,  den Wagen zu \u00f6ffnen. Er roch deutlich nach Atemalkohol. Ein  freiwilliger Atemalkoholtest ergab bei dem Mann einen Wert von 3,3  Promille. Die Beamten stellten seinen F\u00fchrerschein sicher. Der 60-  j\u00e4hrige musste sich einer Blutentnahme unterziehen.     Sonja Kurz     Pressestelle     <\/p>\n<p>Quelle: <a href=\"http:\/\/www.presseportal.de\/polizeipresse\/pm\/43735\/2126855\/pol-rz-stormarn-07-10-2011-freitag-trittau-autofahrer-mit-3-3-promille-am-steuer\/api\" target=\"_blank\">presseportal.de<\/a><\/p>\n","protected":false},"excerpt":{"rendered":"<p>Ratzeburg (ots) &#8211; Ein Autofahrer war am Freitagabend in der Kirchstra\u00dfe durch seine extrem unsichere Fahrweise aufgefallen. Eine Autofahrerin teilte<\/p>\n","protected":false},"author":3,"featured_media":0,"comment_status":"open","ping_status":"open","sticky":false,"template":"","format":"standard","meta":{"colormag_page_container_layout":"default_layout","colormag_page_sidebar_layout":"default_layout","footnotes":""},"categories":[20],"tags":[],"class_list":["post-45002","post","type-post","status-publish","format-standard","hentry","category-besondere-neuigkeiten"],"_links":{"self":[{"href":"https:\/\/hier-luebeck.de\/index.php\/wp-json\/wp\/v2\/posts\/45002","targetHints":{"allow":["GET"]}}],"collection":[{"href":"https:\/\/hier-luebeck.de\/index.php\/wp-json\/wp\/v2\/posts"}],"about":[{"href":"https:\/\/hier-luebeck.de\/index.php\/wp-json\/wp\/v2\/types\/post"}],"author":[{"embeddable":true,"href":"https:\/\/hier-luebeck.de\/index.php\/wp-json\/wp\/v2\/users\/3"}],"replies":[{"embeddable":true,"href":"https:\/\/hier-luebeck.de\/index.php\/wp-json\/wp\/v2\/comments?post=45002"}],"version-history":[{"count":0,"href":"https:\/\/hier-luebeck.de\/index.php\/wp-json\/wp\/v2\/posts\/45002\/revisions"}],"wp:attachment":[{"href":"https:\/\/hier-luebeck.de\/index.php\/wp-json\/wp\/v2\/media?parent=45002"}],"wp:term":[{"taxonomy":"category","embeddable":true,"href":"https:\/\/hier-luebeck.de\/index.php\/wp-json\/wp\/v2\/categories?post=45002"},{"taxonomy":"post_tag","embeddable":true,"href":"https:\/\/hier-luebeck.de\/index.php\/wp-json\/wp\/v2\/tags?post=45002"}],"curies":[{"name":"wp","href":"https:\/\/api.w.org\/{rel}","templated":true}]}}