{"id":45005,"date":"2011-10-10T11:08:24","date_gmt":"2011-10-10T11:08:24","guid":{"rendered":"http:\/\/www.hier-luebeck.de\/2011\/10\/wsp-sh-kanu-mit-zwei-personen-vor-sierksdorf-gekentert\/"},"modified":"2011-10-10T11:08:24","modified_gmt":"2011-10-10T11:08:24","slug":"wsp-sh-kanu-mit-zwei-personen-vor-sierksdorf-gekentert","status":"publish","type":"post","link":"https:\/\/hier-luebeck.de\/index.php\/wsp-sh-kanu-mit-zwei-personen-vor-sierksdorf-gekentert\/","title":{"rendered":"WSP-SH: Kanu mit zwei Personen vor Sierksdorf gekentert"},"content":{"rendered":"<p>Ostholstein (ots) &#8211; Am Sonntagnachmittag den 09.10.2011 um 17.17  Uhr meldete ein aufmerksamer Spazierg\u00e4nger der Wasserschutzpolizei  Travem\u00fcnde einen Seenotfall vor Sierksdorf. Zwei Kanufahrer waren ca. 200 m vor der Steilk\u00fcste gekentert. W\u00e4hrend einer sich ans Ufer  retten konnte trieb der Zweite noch im Wasser.<!--more--> Dieser konnte eine  halbe Stunde sp\u00e4ter durch das Seenotrettungsboot &#8222;Crempe&#8220; geborgen  werden.     Ein 59-J\u00e4hriger aus  Hannover und ein 55-J\u00e4hriger aus M\u00fchlheim am  Main machten sich kurz zuvor mit einem 4 m langen  offenen Kanu auf  dem Weg von Neustadt nach Haffkrug. Zu diesem Zeitpunkt wehte der  Wind aus s\u00fcdwestlicher Richtung mit  St\u00e4rken um 4 Bft. Sie waren noch nicht lange unterwegs, als eine Welle das Kanu ca. 200 m vor der  Sierksdorfer Steilk\u00fcste  quer legte und es  zum Kentern brachte.     W\u00e4hrend der 59-J\u00e4hrige an Land schwamm, hielt sich der 56-J\u00e4hrige  an einer kleinen Ausr\u00fcstungstonne, die die Kanufahrer an Bord  mitgenommen hatten, fest. Er war nicht in der Lage an Land zu  schwimmen.     Das Seenotrettungsboot &#8220; Crempe&#8220; konnte  die Person eine halbe  Stunde sp\u00e4ter aus dem  14\u00b0C kalten Wasser  bergen. Der Gerettete  wurde  an Land zun\u00e4chst not\u00e4rztlich versorgt  und  anschlie\u00dfend, da  der Verdacht einer starken Unterk\u00fchlung bestand,  auf die  Intensivstation des Klinikums Neustadt gebracht.  Er wurde am Abend  wieder entlassen. Aufgrund fehlender Auftriebsk\u00f6rper  ist das Kanu  auf den Grund gesunken. Keiner der Personen trug eine Rettungsweste.     Die Ursache f\u00fcr den Unfall d\u00fcrfte an seem\u00e4nnischer Unerfahrenheit  gelegen haben. Das benutzte  Kanu ist f\u00fcr die Ostsee mit den zur  Unfallzeit herrschenden Winden und Wellen v\u00f6llig ungeeignet gewesen.   ots Originaltext: Landespolizeiamt Schleswig-Holstein &#8211; Abt. 4 &#8211; Wasserschutzpolizei  Digitale Pressemappe: http:\/\/www.polizeipresse.de\/p_story.htx?firmaid=43800  <\/p>\n<p>Quelle: <a href=\"http:\/\/www.presseportal.de\/polizeipresse\/pm\/43800\/2126682\/wsp-sh-kanu-mit-zwei-personen-vor-sierksdorf-gekentert\/api\" target=\"_blank\">presseportal.de<\/a><\/p>\n","protected":false},"excerpt":{"rendered":"<p>Ostholstein (ots) &#8211; Am Sonntagnachmittag den 09.10.2011 um 17.17 Uhr meldete ein aufmerksamer Spazierg\u00e4nger der Wasserschutzpolizei Travem\u00fcnde einen Seenotfall vor<\/p>\n","protected":false},"author":3,"featured_media":0,"comment_status":"open","ping_status":"open","sticky":false,"template":"","format":"standard","meta":{"colormag_page_container_layout":"default_layout","colormag_page_sidebar_layout":"default_layout","footnotes":""},"categories":[20],"tags":[],"class_list":["post-45005","post","type-post","status-publish","format-standard","hentry","category-besondere-neuigkeiten"],"_links":{"self":[{"href":"https:\/\/hier-luebeck.de\/index.php\/wp-json\/wp\/v2\/posts\/45005","targetHints":{"allow":["GET"]}}],"collection":[{"href":"https:\/\/hier-luebeck.de\/index.php\/wp-json\/wp\/v2\/posts"}],"about":[{"href":"https:\/\/hier-luebeck.de\/index.php\/wp-json\/wp\/v2\/types\/post"}],"author":[{"embeddable":true,"href":"https:\/\/hier-luebeck.de\/index.php\/wp-json\/wp\/v2\/users\/3"}],"replies":[{"embeddable":true,"href":"https:\/\/hier-luebeck.de\/index.php\/wp-json\/wp\/v2\/comments?post=45005"}],"version-history":[{"count":0,"href":"https:\/\/hier-luebeck.de\/index.php\/wp-json\/wp\/v2\/posts\/45005\/revisions"}],"wp:attachment":[{"href":"https:\/\/hier-luebeck.de\/index.php\/wp-json\/wp\/v2\/media?parent=45005"}],"wp:term":[{"taxonomy":"category","embeddable":true,"href":"https:\/\/hier-luebeck.de\/index.php\/wp-json\/wp\/v2\/categories?post=45005"},{"taxonomy":"post_tag","embeddable":true,"href":"https:\/\/hier-luebeck.de\/index.php\/wp-json\/wp\/v2\/tags?post=45005"}],"curies":[{"name":"wp","href":"https:\/\/api.w.org\/{rel}","templated":true}]}}