{"id":45360,"date":"2011-10-13T14:04:35","date_gmt":"2011-10-13T12:04:35","guid":{"rendered":"http:\/\/www.hier-luebeck.de\/?p=45360"},"modified":"2011-10-13T14:04:35","modified_gmt":"2011-10-13T12:04:35","slug":"umweltstaatssekretar-rabius-energieeffizienz-von-gebauden-ist-wesentlicher-faktor-beim-klimaschutz","status":"publish","type":"post","link":"https:\/\/hier-luebeck.de\/index.php\/umweltstaatssekretar-rabius-energieeffizienz-von-gebauden-ist-wesentlicher-faktor-beim-klimaschutz\/","title":{"rendered":"Umweltstaatssekret\u00e4r Rabius: &#8222;Energieeffizienz von Geb\u00e4uden ist wesentlicher Faktor beim Klimaschutz&#8220;"},"content":{"rendered":"<p>ROTHENKRUG\/R\u00d8DEKRO. Umweltstaatssekret\u00e4r Ernst-Wilhelm Rabius hat heute (13. Oktober) die wichtige Rolle der Geb\u00e4udeenergieeffizienz f\u00fcr die Erreichung klimapolitischer Ziele unterstrichen. Bei der FURGY-Klimakonferenz (future renewable energy) in D\u00e4nemark erinnerte er daran, dass rund 40 Prozent des deutschen Endenergieverbrauchs und etwa ein Drittel der Kohlendioxidemissionen auf Geb\u00e4ude entfallen.<!--more--> &#8222;&#8220;Gleichzeitig weist gerade der Geb\u00e4udebereich ganz erhebliche Potentiale zur Energie- und Kohlendioxideinsparung auf&#8220;&#8220;, so Rabius weiter. Die Landesregierung messe der Geb\u00e4udeenergieeffizienz daher gro\u00dfe Bedeutung bei. Das unterstreiche auch das Integrierte Energie- und Klimakonzept 2011. Zu den Eckpunkten z\u00e4hlen die Senkung des W\u00e4rmebedarfs bei Neubauten, die w\u00e4rmetechnische Sanierung des Geb\u00e4udebestandes und die Optimierung der W\u00e4rmeinfrastruktur f\u00fcr den Geb\u00e4udebestand. Das Land setze in diesem Bereich mehrere Schwerpunkte. Hierzu z\u00e4hlten etwa die Fortschreibung angepasster Qualit\u00e4tsstandards und F\u00f6rderkriterien des Wohnraumf\u00f6rderungsprogramms des Landes, die verbesserte Struktur der landesweiten Beratungsinitiativen zur w\u00e4rmetechnischen Geb\u00e4udesanierung und die St\u00e4rkung der Kommunen bei Strategien f\u00fcr eine energieeffiziente Stadtquartiers- und Siedlungsentwicklung.<br \/>\nHervorzuheben sei auch die vom Innenministerium und den Verb\u00e4nden der Wohnungswirtschaft 2009 unterzeichnete freiwillige Klimaschutzvereinbarung &#8222;Klimapakt Wohnen&#8220;. Darin werde das Ziel formuliert, die Kohlendioxidemissionen von Wohnungen bis 2020 um 40 Prozent gegen\u00fcber 1990 zu reduzieren.<br \/>\n&#8222;&#8220;Eine \u00fcberzeugende Energie- und Klimaschutzpolitik ist nur m\u00f6glich, wenn das Land seine Vorbildfunktion wahrnimmt. Die Landesregierung wird deshalb ihrer Selbstverpflichtung bei Bauma\u00dfnahmen, Bewirtschaftung und Beschaffung umfassend nachkommen&#8220;&#8220;, betonte Rabius.<br \/>\nAuch das Projekt FURGY leiste einen wertvollen Beitrag, um die vielf\u00e4ltigen Kompetenzen von regionaler Wirtschaft, Wissenschaft und Verwaltung zu einem internationalen Wissensnetzwerk grenz\u00fcberschreitend zu verkn\u00fcpfen und zu koordinieren.<\/p>\n","protected":false},"excerpt":{"rendered":"<p>ROTHENKRUG\/R\u00d8DEKRO. Umweltstaatssekret\u00e4r Ernst-Wilhelm Rabius hat heute (13. Oktober) die wichtige Rolle der Geb\u00e4udeenergieeffizienz f\u00fcr die Erreichung klimapolitischer Ziele unterstrichen. Bei<\/p>\n","protected":false},"author":3,"featured_media":0,"comment_status":"open","ping_status":"open","sticky":false,"template":"","format":"standard","meta":{"colormag_page_container_layout":"default_layout","colormag_page_sidebar_layout":"default_layout","footnotes":""},"categories":[5],"tags":[],"class_list":["post-45360","post","type-post","status-publish","format-standard","hentry","category-politik-wirtschaft"],"_links":{"self":[{"href":"https:\/\/hier-luebeck.de\/index.php\/wp-json\/wp\/v2\/posts\/45360","targetHints":{"allow":["GET"]}}],"collection":[{"href":"https:\/\/hier-luebeck.de\/index.php\/wp-json\/wp\/v2\/posts"}],"about":[{"href":"https:\/\/hier-luebeck.de\/index.php\/wp-json\/wp\/v2\/types\/post"}],"author":[{"embeddable":true,"href":"https:\/\/hier-luebeck.de\/index.php\/wp-json\/wp\/v2\/users\/3"}],"replies":[{"embeddable":true,"href":"https:\/\/hier-luebeck.de\/index.php\/wp-json\/wp\/v2\/comments?post=45360"}],"version-history":[{"count":0,"href":"https:\/\/hier-luebeck.de\/index.php\/wp-json\/wp\/v2\/posts\/45360\/revisions"}],"wp:attachment":[{"href":"https:\/\/hier-luebeck.de\/index.php\/wp-json\/wp\/v2\/media?parent=45360"}],"wp:term":[{"taxonomy":"category","embeddable":true,"href":"https:\/\/hier-luebeck.de\/index.php\/wp-json\/wp\/v2\/categories?post=45360"},{"taxonomy":"post_tag","embeddable":true,"href":"https:\/\/hier-luebeck.de\/index.php\/wp-json\/wp\/v2\/tags?post=45360"}],"curies":[{"name":"wp","href":"https:\/\/api.w.org\/{rel}","templated":true}]}}