{"id":45363,"date":"2011-10-13T14:07:43","date_gmt":"2011-10-13T12:07:43","guid":{"rendered":"http:\/\/www.hier-luebeck.de\/?p=45363"},"modified":"2011-10-13T14:07:43","modified_gmt":"2011-10-13T12:07:43","slug":"gba-festnahme-eines-mutmaslichen-mitglieds-der-pkk","status":"publish","type":"post","link":"https:\/\/hier-luebeck.de\/index.php\/gba-festnahme-eines-mutmaslichen-mitglieds-der-pkk\/","title":{"rendered":"GBA: Festnahme eines mutma\u00dflichen Mitglieds der PKK"},"content":{"rendered":"<div>13.10.2011  &#8211; 13:53 Uhr, Der Generalbundesanwalt beim Bundesgerichtshof (GBA)\u00a0 -Karlsruhe  (ots) &#8211; Nr. 31 -Die  Bundesanwaltschaft hat gestern, am 12. Oktober 2011, auf Grund eines Haftbefehls  des Ermittlungsrichters des Bundesgerichtshofs vom 28. September 2011 den 45-j\u00e4hrigen  t\u00fcrkischen Staatsangeh\u00f6rigen Ali Ihsan K .durch  Beamte des Bundeskriminalamts festnehmen lassen. Der  Beschuldigte ist dringend verd\u00e4chtig, sich als Mitglied an der ausl\u00e4ndischen  terroristischen Vereinigung &#8222;Arbe iterpartei Kurdistans&#8220; (PKK) beteiligt zu  haben (\u00a7 129b Abs. 1 i. V. m. \u00a7 129a Abs. 1 StGB).<!--more-->Die  &#8222;Arbeiterpartei Kurdistans&#8220; (PKK) strebt einen staaten\u00e4hnlichen Verbund der  kurdischen Siedlungsgebiete in der T\u00fcrkei, Syrien, Iran und Irak an. Sie verf\u00fcgt  \u00fcber milit\u00e4risch strukturierte Guerillaeinheiten, die Attentate auf t\u00fcrkische  Polizisten und Soldaten ver\u00fcben. Seit 2004 begeht die PKK zudem Sprengstoff- und  Brandanschl\u00e4ge auf zivile Ziele in Gro\u00dfst\u00e4dten und Tourismuszentren der T\u00fcrkei.  In Deutschland und anderen L\u00e4ndern Westeuropas haben ihre Mitglieder vor allem  die Aufgabe, Finanzmittel f\u00fcr die Organisation zu beschaffen und Nachwuchs f\u00fcr  den Guerillakampf zu rekrutieren.<\/div>\n<div>\n<p>Der  Beschuldigte soll in der Zeit von Mai 2007 bis April 2008 als Kader der PKK mit  der Leitung des Gebiets Hamburg befasst gewesen sein. Ab Juni 2007 soll er  zus\u00e4tzlich die Verantwortung f\u00fcr die damals neu eingerichtete Region Hamburg  \u00fcbernommen haben, als deren Regionsleiter ihm die Leiter der Gebiete Kiel,  Bremen und Oldenburg unterstanden. In dieser Eigenschaft und in Kenntnis der  Ziele und Aktivit\u00e4ten der PKK erteilte er Auftr\u00e4ge und Weisungen an die ihm  untergeordneten Kader und Aktivisten, insbesondere im Zusammenhang mit der  Beitreibung der in seinem Bereich f\u00fcr die Organisation zu vereinnahmenden  Gelder. Au\u00dferdem war er mit der \u00dcberwachung der Berichtspflichten  untergeordneter parteiinterner Strukturebenen und der Durchf\u00fchrung von  Veranstaltungen und Demonstrationen der Partei befasst.<\/p>\n<p>Der  Beschuld igte wurde gestern dem Ermittlungsrichter des Amtsgerichts  Hamburg-Mitte vorgef\u00fchrt, der ihm den Haftbefehl er\u00f6ffnet und den Vollzug der  Untersuchungshaft angeordnet hat.<\/p>\n<p>Mit  den weiteren Ermittlungen ist das Bundeskriminalamt beauftragt. \u00dcber diese  Erkl\u00e4rung hinausgehende Ausk\u00fcnfte k\u00f6nnen derzeit nicht erteilt werden.<\/p>\n<\/div>\n","protected":false},"excerpt":{"rendered":"<p>13.10.2011 &#8211; 13:53 Uhr, Der Generalbundesanwalt beim Bundesgerichtshof (GBA)\u00a0 -Karlsruhe (ots) &#8211; Nr. 31 -Die Bundesanwaltschaft hat gestern, am 12.<\/p>\n","protected":false},"author":3,"featured_media":0,"comment_status":"open","ping_status":"open","sticky":false,"template":"","format":"standard","meta":{"colormag_page_container_layout":"default_layout","colormag_page_sidebar_layout":"default_layout","footnotes":""},"categories":[20],"tags":[],"class_list":["post-45363","post","type-post","status-publish","format-standard","hentry","category-besondere-neuigkeiten"],"_links":{"self":[{"href":"https:\/\/hier-luebeck.de\/index.php\/wp-json\/wp\/v2\/posts\/45363","targetHints":{"allow":["GET"]}}],"collection":[{"href":"https:\/\/hier-luebeck.de\/index.php\/wp-json\/wp\/v2\/posts"}],"about":[{"href":"https:\/\/hier-luebeck.de\/index.php\/wp-json\/wp\/v2\/types\/post"}],"author":[{"embeddable":true,"href":"https:\/\/hier-luebeck.de\/index.php\/wp-json\/wp\/v2\/users\/3"}],"replies":[{"embeddable":true,"href":"https:\/\/hier-luebeck.de\/index.php\/wp-json\/wp\/v2\/comments?post=45363"}],"version-history":[{"count":0,"href":"https:\/\/hier-luebeck.de\/index.php\/wp-json\/wp\/v2\/posts\/45363\/revisions"}],"wp:attachment":[{"href":"https:\/\/hier-luebeck.de\/index.php\/wp-json\/wp\/v2\/media?parent=45363"}],"wp:term":[{"taxonomy":"category","embeddable":true,"href":"https:\/\/hier-luebeck.de\/index.php\/wp-json\/wp\/v2\/categories?post=45363"},{"taxonomy":"post_tag","embeddable":true,"href":"https:\/\/hier-luebeck.de\/index.php\/wp-json\/wp\/v2\/tags?post=45363"}],"curies":[{"name":"wp","href":"https:\/\/api.w.org\/{rel}","templated":true}]}}