{"id":45374,"date":"2011-10-13T14:20:47","date_gmt":"2011-10-13T12:20:47","guid":{"rendered":"http:\/\/www.hier-luebeck.de\/?p=45374"},"modified":"2011-10-13T14:20:47","modified_gmt":"2011-10-13T12:20:47","slug":"bundesinnenminister-eroffnet-strategie-forum-zur-fernerkundung","status":"publish","type":"post","link":"https:\/\/hier-luebeck.de\/index.php\/bundesinnenminister-eroffnet-strategie-forum-zur-fernerkundung\/","title":{"rendered":"Bundesinnenminister er\u00f6ffnet Strategie-Forum zur Fernerkundung"},"content":{"rendered":"<p>Bundesinnenminister Dr. Hans-Peter Friedrich hat heute das 1. Strategie-Forum &#8222;Chancen und M\u00f6glichkeiten der Fernerkundung f\u00fcr die \u00f6ffentliche Verwaltung&#8220; er\u00f6ffnet. Die Veranstaltung wird vom Bundesinnenministerium gemeinsam mit dem Deutschen Zentrum f\u00fcr Luft- und Raumfahrt (DLR) und dem Bundesamt f\u00fcr Kartographie und Geod\u00e4sie (BKG) durchgef\u00fchrt. Im Rahmen der zweit\u00e4gigen Veranstaltung diskutieren rund 150 hochrangige Vertreter aus der Bundes- und Landesverwaltung, Wissenschaft und Wirtschaft am DLR-Standort Oberpfaffenhofen \u00fcber die Chancen einer intensiven Nutzung von Fernerkundungsdaten f\u00fcr eine innovative \u00f6ffentliche Verwaltung.<!--more--><\/p>\n<p>Die Fernerkundung bietet durch Satelliten, Luftbildkameras und Spektrometer die M\u00f6glichkeit, gro\u00dfe Gebiete in hoher zeitlicher und r\u00e4umlicher Aufl\u00f6sung zu beobachten und aktuelle Informationen, etwa \u00fcber ein Schadensgebiet, zu gewinnen. Dies ist insbesondere im Bev\u00f6lkerungsschutz, in der Katastrophenhilfe und im Sicherheitsbereich von entscheidender Bedeutung. Aber auch f\u00fcr andere Aufgabengebiete der \u00f6ffentlichen Verwaltung bieten diese Informationen einen gro\u00dfen Erkenntnis- und Effizienzgewinn. So k\u00f6nnen weltraumgest\u00fctzte Sensoren eingesetzt werden, um Klimaph\u00e4nomene zu beobachten, besonders sonnige Standorte f\u00fcr Solaranlagen zu identifizieren oder Landnutzungsver\u00e4nderungen aufzuzeigen.<\/p>\n<p>In seiner Er\u00f6ffnungsrede hob Bundesinnenminister Dr. Friedrich die Bedeutung des Strategie-Forums als erste verwaltungsorientierte Veranstaltung zum Thema Fernerkundung hervor: &#8222;Die Veranstaltung wird einen wichtigen Beitrag dazu leisten, der Verwaltung die vielf\u00e4ltigen Chancen dieser Technologien vor Augen zu f\u00fchren. Wir stehen hier erst am Anfang einer Technik, die ein enormes Entwicklungspotential hat. Dieses m\u00fcssen wir auch in der t\u00e4glichen Arbeit unserer Verwaltung nutzen. Die Fernerkundung wird zu einer tragenden S\u00e4ule eines aktuellen Geoinformationswesens und damit f\u00fcr die mobile Wissensgesellschaft unerl\u00e4sslich.&#8220;<\/p>\n<p>Prof. Johann-Dietrich W\u00f6rner, Vorstandsvorsitzender des DLR, betonte in seiner Rede die Notwendigkeit der Etablierung stabiler Mechanismen: &#8222;Das DLR ist sich seiner Verantwortung als Gro\u00dfforschungseinrichtung f\u00fcr die Erdbeobachtung in Deutschland bewusst und m\u00f6chte, dass gemeinsam mit der Politik stabile Mechanismen etabliert werden \u2013 von der Erstellung der Daten und deren zielgerichteter Auswertung bis hin zur Archivierung. Dies kommt allen Menschen in unserem Land zugute.&#8220;<\/p>\n<p>Im Anschluss an seine Er\u00f6ffnungsrede besuchte Bundesinnenminister Dr. Friedrich gemeinsam mit Prof. Johann-Dietrich W\u00f6rner und dem Pr\u00e4sidenten des BKG, Prof. Hansj\u00f6rg Kutterer, das Zentrum f\u00fcr satellitengest\u00fctzte Kriseninformation (ZKI). Das ZKI liefert seit \u00fcber sechs Jahren weltweit hoch angesehene fernerkundungsbasierte Kartenprodukte, die von Bundesbeh\u00f6rden u.a. nach den schweren Erdbeben in Haiti und Japan zur Einsatzplanung eingesetzt wurden. Hierzu erl\u00e4uterte BKG-Pr\u00e4sident Prof. Hansj\u00f6rg Kutterer: &#8222;Die besondere Aktualit\u00e4t von Fernerkundungsdaten und die M\u00f6glichkeit, diese Daten mit uns aus der digitalen Kartographie bekannten Informationen zu verbinden &#8211; beispielsweise durch die Integration von Stra\u00dfennamen in einem Satellitenbild &#8211; bietet wichtige Vorteile. Das BKG nutzt als zentraler Dienstleister des Bundes f\u00fcr Geoinformationen Fernerkundungsdaten zur Erg\u00e4nzung des eigenen Produktportfolios und unterst\u00fctzt die Arbeit des ZKI mit Geobasisdaten.&#8220;<\/p>\n<p>Als koordinierendes Ministerium im Geoinformationswesen wird sich das Bundesministerium des Innern auch weiterhin f\u00fcr eine F\u00f6rderung des Wissens \u00fcber die Potentiale der Fernerkundung in der Bundesverwaltung einsetzen.<\/p>\n","protected":false},"excerpt":{"rendered":"<p>Bundesinnenminister Dr. Hans-Peter Friedrich hat heute das 1. Strategie-Forum &#8222;Chancen und M\u00f6glichkeiten der Fernerkundung f\u00fcr die \u00f6ffentliche Verwaltung&#8220; er\u00f6ffnet. Die<\/p>\n","protected":false},"author":3,"featured_media":0,"comment_status":"open","ping_status":"open","sticky":false,"template":"","format":"standard","meta":{"colormag_page_container_layout":"default_layout","colormag_page_sidebar_layout":"default_layout","footnotes":""},"categories":[5],"tags":[],"class_list":["post-45374","post","type-post","status-publish","format-standard","hentry","category-politik-wirtschaft"],"_links":{"self":[{"href":"https:\/\/hier-luebeck.de\/index.php\/wp-json\/wp\/v2\/posts\/45374","targetHints":{"allow":["GET"]}}],"collection":[{"href":"https:\/\/hier-luebeck.de\/index.php\/wp-json\/wp\/v2\/posts"}],"about":[{"href":"https:\/\/hier-luebeck.de\/index.php\/wp-json\/wp\/v2\/types\/post"}],"author":[{"embeddable":true,"href":"https:\/\/hier-luebeck.de\/index.php\/wp-json\/wp\/v2\/users\/3"}],"replies":[{"embeddable":true,"href":"https:\/\/hier-luebeck.de\/index.php\/wp-json\/wp\/v2\/comments?post=45374"}],"version-history":[{"count":0,"href":"https:\/\/hier-luebeck.de\/index.php\/wp-json\/wp\/v2\/posts\/45374\/revisions"}],"wp:attachment":[{"href":"https:\/\/hier-luebeck.de\/index.php\/wp-json\/wp\/v2\/media?parent=45374"}],"wp:term":[{"taxonomy":"category","embeddable":true,"href":"https:\/\/hier-luebeck.de\/index.php\/wp-json\/wp\/v2\/categories?post=45374"},{"taxonomy":"post_tag","embeddable":true,"href":"https:\/\/hier-luebeck.de\/index.php\/wp-json\/wp\/v2\/tags?post=45374"}],"curies":[{"name":"wp","href":"https:\/\/api.w.org\/{rel}","templated":true}]}}