{"id":45425,"date":"2011-10-13T14:27:44","date_gmt":"2011-10-13T14:27:44","guid":{"rendered":"http:\/\/www.hier-luebeck.de\/2011\/10\/pol-hl-oh-malente-neukirchen-erst-mit-dem-auto-in-eine-gartenmauer-gefahren-und-dann-gefluchtet\/"},"modified":"2011-10-13T14:27:44","modified_gmt":"2011-10-13T14:27:44","slug":"pol-hl-oh-malente-neukirchen-erst-mit-dem-auto-in-eine-gartenmauer-gefahren-und-dann-gefluchtet","status":"publish","type":"post","link":"https:\/\/hier-luebeck.de\/index.php\/pol-hl-oh-malente-neukirchen-erst-mit-dem-auto-in-eine-gartenmauer-gefahren-und-dann-gefluchtet\/","title":{"rendered":"POL-HL: OH &#8211; Malente &#8211; Neukirchen    \/\nErst mit dem Auto in eine Gartenmauer gefahren und dann gefl\u00fcchtet"},"content":{"rendered":"<p>L\u00fcbeck (ots) &#8211; Ein 41-j\u00e4hriger Autofahrer fuhr zun\u00e4chst mit seinem Audi TT in eine Gartenmauer und fl\u00fcchtete anschlie\u00dfend mit dem  besch\u00e4digten Fahrzeug. Er konnte sp\u00e4ter angetroffen werden.     Der Audi TT-Fahrer war in Malente-Neukirchen gegen 19.20 Uhr die  Stra\u00dfe An der Kirche entlang gefahren und beabsichtigte nach links in den Saseler Weg einzubiegen.<!--more--> Hierbei verlor er die Kontrolle \u00fcber  sein Fahrzeug und fuhr geradeaus in eine Grundst\u00fccksmauer aus  Felssteinen. Dabei blieb das vordere Autokennzeichen am Unfallort  liegen.     Der Mann fl\u00fcchtete anschlie\u00dfend zu einer Freundin in Malente. Dort konnte er von den eingesetzten Polizeibeamten angetroffen werden.     Der 41-J\u00e4hrige stand unter Alkoholeinfluss. Ein Test hatte einen  Wert von \u00fcber einem Promille ergeben, daher wurde ihm eine Blutprobe  entnommen. Seinen F\u00fchrerschein konnte er nicht abgeben. Er hat gar  keinen. Seine Fahrerlaubnis wurde ihm bereits in der Vergangenheit  gerichtlich entzogen.     Insgesamt entstand ein Sachschaden von etwa 7.000 Euro.     <\/p>\n<p>Quelle: <a href=\"http:\/\/www.presseportal.de\/polizeipresse\/pm\/43738\/2129211\/pol-hl-oh-malente-neukirchen-erst-mit-dem-auto-in-eine-gartenmauer-gefahren-und-dann-gefluechtet\/api\" target=\"_blank\">presseportal.de<\/a><\/p>\n","protected":false},"excerpt":{"rendered":"<p>L\u00fcbeck (ots) &#8211; Ein 41-j\u00e4hriger Autofahrer fuhr zun\u00e4chst mit seinem Audi TT in eine Gartenmauer und fl\u00fcchtete anschlie\u00dfend mit dem<\/p>\n","protected":false},"author":3,"featured_media":0,"comment_status":"open","ping_status":"open","sticky":false,"template":"","format":"standard","meta":{"colormag_page_container_layout":"default_layout","colormag_page_sidebar_layout":"default_layout","footnotes":""},"categories":[20],"tags":[],"class_list":["post-45425","post","type-post","status-publish","format-standard","hentry","category-besondere-neuigkeiten"],"_links":{"self":[{"href":"https:\/\/hier-luebeck.de\/index.php\/wp-json\/wp\/v2\/posts\/45425","targetHints":{"allow":["GET"]}}],"collection":[{"href":"https:\/\/hier-luebeck.de\/index.php\/wp-json\/wp\/v2\/posts"}],"about":[{"href":"https:\/\/hier-luebeck.de\/index.php\/wp-json\/wp\/v2\/types\/post"}],"author":[{"embeddable":true,"href":"https:\/\/hier-luebeck.de\/index.php\/wp-json\/wp\/v2\/users\/3"}],"replies":[{"embeddable":true,"href":"https:\/\/hier-luebeck.de\/index.php\/wp-json\/wp\/v2\/comments?post=45425"}],"version-history":[{"count":0,"href":"https:\/\/hier-luebeck.de\/index.php\/wp-json\/wp\/v2\/posts\/45425\/revisions"}],"wp:attachment":[{"href":"https:\/\/hier-luebeck.de\/index.php\/wp-json\/wp\/v2\/media?parent=45425"}],"wp:term":[{"taxonomy":"category","embeddable":true,"href":"https:\/\/hier-luebeck.de\/index.php\/wp-json\/wp\/v2\/categories?post=45425"},{"taxonomy":"post_tag","embeddable":true,"href":"https:\/\/hier-luebeck.de\/index.php\/wp-json\/wp\/v2\/tags?post=45425"}],"curies":[{"name":"wp","href":"https:\/\/api.w.org\/{rel}","templated":true}]}}