{"id":457936,"date":"2026-03-31T17:48:22","date_gmt":"2026-03-31T15:48:22","guid":{"rendered":"https:\/\/hier-luebeck.de\/index.php\/cinestar-und-ver-di-setzen-tarifverhandlungen-konstruktiv-fort\/"},"modified":"2026-04-09T14:30:04","modified_gmt":"2026-04-09T12:30:04","slug":"cinestar-und-ver-di-setzen-tarifverhandlungen-konstruktiv-fort","status":"publish","type":"post","link":"https:\/\/hier-luebeck.de\/index.php\/cinestar-und-ver-di-setzen-tarifverhandlungen-konstruktiv-fort\/","title":{"rendered":"CineStar und ver.di setzen Tarifverhandlungen konstruktiv fort"},"content":{"rendered":"<p>L\u00fcbeck\/Hamburg (ots) &#8211; <\/p>\n<p>In der aktuellen Tarifverhandlungsrunde zwischen der CineStar-Gruppe und der Gewerkschaft ver.di konnte heute noch keine Einigung erzielt werden. Die Gespr\u00e4che verlaufen jedoch weiterhin konstruktiv und l\u00f6sungsorientiert. <\/p>\n<p>Beide Seiten haben sich in den vergangenen Verhandlungsrunden aufeinander zubewegt und CineStar hat intensive Schritte unternommen, den Forderungen der ver.di sp\u00fcrbar entgegenzukommen &#8211; mit einem Angebot, das bereits im Einstieg einen Zuwachs von mehr als 10% zum letzten Tarifabschluss vorsieht. Vor diesem Hintergrund geht das Unternehmen davon aus, dass sich die Verhandlungen auf der Zielgeraden befinden und man zeitnah zu einer konsensf\u00e4higen L\u00f6sung gelangen wird.<\/p>\n<p><!--more--><\/p>\n<p>Oliver Fock, Gesch\u00e4ftsf\u00fchrer der CineStar-Gruppe, erkl\u00e4rt: &#8222;Die Gespr\u00e4che sind gepr\u00e4gt von dem gemeinsamen Willen, eine tragf\u00e4hige L\u00f6sung zu finden. Wir sind zuversichtlich, dass wir zeitnah zu einem Abschluss kommen.&#8220; <\/p>\n<p>Auch Michael Strohmenger, Gesch\u00e4ftsf\u00fchrer der CineStar-Gruppe, betont: &#8222;Unser Ziel ist eine L\u00f6sung, die den berechtigten Interessen unserer Mitarbeitenden Rechnung tr\u00e4gt und gleichzeitig die wirtschaftlichen Rahmenbedingungen unserer vielf\u00e4ltigen Standortstruktur ber\u00fccksichtigt.&#8220; <\/p>\n<p>Die Verhandlungen werden kurzfristig fortgesetzt. Der n\u00e4chste Termin ist f\u00fcr den 14. April 2026 angesetzt. <\/p>\n<p>\u00dcber CineStar<\/p>\n<p>Unter der Dachmarke &#8222;CineStar&#8220; werden in Deutschland 44 Kinos in unterschiedlichen Gesellschaften betrieben, darunter Multiplexe, traditionelle Filmtheater sowie Arthouse Kinos. Damit ist CineStar sowohl im Hinblick auf die Anzahl der Standorte als auch auf Leinw\u00e4nde, Sitzpl\u00e4tze und Besucher einer der marktf\u00fchrenden Kinobetreiber in Deutschland. Das Unternehmen mit Sitz in L\u00fcbeck geh\u00f6rt zum australischen Markf\u00fchrer Event Hospitality &#038; Entertainment Limited. <\/p>\n<p>Pressekontakt:<\/p>\n<p>CineStar-Gruppe<br \/>\nHead of Corporate Communications<br \/>\nSandra Backhaus<br \/>\nMail: sandrabackhaus@cinestar.de<\/p>\n<p>Original-Content von: CineStar, \u00fcbermittelt durch news aktuell<\/p>\n<p>Dieser Beitrag wurde automatisch von Presseportal.de zur Verf\u00fcgung gestellt: https:\/\/www.presseportal.de\/pm\/81477\/6247546<\/p>\n","protected":false},"excerpt":{"rendered":"<p>L\u00fcbeck\/Hamburg (ots) &#8211; In der aktuellen Tarifverhandlungsrunde zwischen der CineStar-Gruppe und der Gewerkschaft ver.di konnte heute noch keine Einigung erzielt<\/p>\n","protected":false},"author":0,"featured_media":457937,"comment_status":"open","ping_status":"open","sticky":false,"template":"","format":"standard","meta":{"colormag_page_container_layout":"default_layout","colormag_page_sidebar_layout":"default_layout","footnotes":""},"categories":[5],"tags":[],"class_list":["post-457936","post","type-post","status-publish","format-standard","has-post-thumbnail","hentry","category-politik-wirtschaft"],"_links":{"self":[{"href":"https:\/\/hier-luebeck.de\/index.php\/wp-json\/wp\/v2\/posts\/457936","targetHints":{"allow":["GET"]}}],"collection":[{"href":"https:\/\/hier-luebeck.de\/index.php\/wp-json\/wp\/v2\/posts"}],"about":[{"href":"https:\/\/hier-luebeck.de\/index.php\/wp-json\/wp\/v2\/types\/post"}],"replies":[{"embeddable":true,"href":"https:\/\/hier-luebeck.de\/index.php\/wp-json\/wp\/v2\/comments?post=457936"}],"version-history":[{"count":0,"href":"https:\/\/hier-luebeck.de\/index.php\/wp-json\/wp\/v2\/posts\/457936\/revisions"}],"wp:featuredmedia":[{"embeddable":true,"href":"https:\/\/hier-luebeck.de\/index.php\/wp-json\/wp\/v2\/media\/457937"}],"wp:attachment":[{"href":"https:\/\/hier-luebeck.de\/index.php\/wp-json\/wp\/v2\/media?parent=457936"}],"wp:term":[{"taxonomy":"category","embeddable":true,"href":"https:\/\/hier-luebeck.de\/index.php\/wp-json\/wp\/v2\/categories?post=457936"},{"taxonomy":"post_tag","embeddable":true,"href":"https:\/\/hier-luebeck.de\/index.php\/wp-json\/wp\/v2\/tags?post=457936"}],"curies":[{"name":"wp","href":"https:\/\/api.w.org\/{rel}","templated":true}]}}