{"id":458637,"date":"2026-04-26T16:26:27","date_gmt":"2026-04-26T14:26:27","guid":{"rendered":"https:\/\/hier-luebeck.de\/?p=458637"},"modified":"2026-04-26T16:26:27","modified_gmt":"2026-04-26T14:26:27","slug":"luebeck-als-treffpunkt-fuer-moderne-lesefoerderung","status":"publish","type":"post","link":"https:\/\/hier-luebeck.de\/index.php\/luebeck-als-treffpunkt-fuer-moderne-lesefoerderung\/","title":{"rendered":"L\u00fcbeck als Treffpunkt f\u00fcr moderne Lesef\u00f6rderung"},"content":{"rendered":"<p class=\"elementtoproof\"><span style=\"font-size: 11.0pt;\">(Foto: Copyright Alexander Hagmann) \u00b7 Immer mehr Kinder haben Schwierigkeiten beim Lesen \u2013 mit Folgen f\u00fcr ihre gesamte Schullaufbahn. Gleichzeitig zeigt sich vor Ort, wie viel gezielte F\u00f6rderung bewirken kann.<\/span><!--more--><span style=\"font-size: 11.0pt;\">Am Wochenende wurde L\u00fcbeck genau daf\u00fcr zum Treffpunkt: Rund 100 Engagierte aus ganz Deutschland kamen zur bundesweiten Fachtagung des LESEMENTOR Bundesverbands ins Katharineum. Anlass war das 20-j\u00e4hrige Bestehen von MENTOR \u2013 Die Leselernhelfer L\u00fcbeck.<br \/>\n<a href=\"https:\/\/hier-luebeck.de\/wp-content\/uploads\/2026\/04\/Tagung-Netzwerkflaeche-1.jpg\"><img loading=\"lazy\" decoding=\"async\" class=\"size-large wp-image-458639 aligncenter\" src=\"https:\/\/hier-luebeck.de\/wp-content\/uploads\/2026\/04\/Tagung-Netzwerkflaeche-1-550x367.jpg\" alt=\"\" width=\"550\" height=\"367\" srcset=\"https:\/\/hier-luebeck.de\/wp-content\/uploads\/2026\/04\/Tagung-Netzwerkflaeche-1-550x367.jpg 550w, https:\/\/hier-luebeck.de\/wp-content\/uploads\/2026\/04\/Tagung-Netzwerkflaeche-1-320x213.jpg 320w, https:\/\/hier-luebeck.de\/wp-content\/uploads\/2026\/04\/Tagung-Netzwerkflaeche-1.jpg 600w\" sizes=\"auto, (max-width: 550px) 100vw, 550px\" \/><\/a><\/span><span style=\"font-size: 11.0pt;\">Im Mittelpunkt stand die Frage, wie Kinder heute lesen lernen \u2013 und wie sich Lesef\u00f6rderung an eine ver\u00e4nderte Lebenswelt anpasst. Neben kreativen Methoden und neuen Ans\u00e4tzen ging es auch um digitale Werkzeuge und den Austausch von Erfahrungen aus der Praxis.<br \/>\n<a href=\"https:\/\/hier-luebeck.de\/wp-content\/uploads\/2026\/04\/Tagung-Teilnehmende.jpg\"><img loading=\"lazy\" decoding=\"async\" class=\"size-large wp-image-458640 aligncenter\" src=\"https:\/\/hier-luebeck.de\/wp-content\/uploads\/2026\/04\/Tagung-Teilnehmende-550x302.jpg\" alt=\"\" width=\"550\" height=\"302\" srcset=\"https:\/\/hier-luebeck.de\/wp-content\/uploads\/2026\/04\/Tagung-Teilnehmende-550x302.jpg 550w, https:\/\/hier-luebeck.de\/wp-content\/uploads\/2026\/04\/Tagung-Teilnehmende-320x175.jpg 320w, https:\/\/hier-luebeck.de\/wp-content\/uploads\/2026\/04\/Tagung-Teilnehmende.jpg 600w\" sizes=\"auto, (max-width: 550px) 100vw, 550px\" \/><\/a><\/span><span style=\"font-size: 11.0pt;\">F\u00fcr L\u00fcbeck zeigt die Tagung zugleich, wie viel ehrenamtliches Engagement vor Ort bewirken kann: Der Verein hat in den vergangenen 20 Jahren ein starkes Netzwerk aufgebaut und vielen Kindern neue Bildungschancen er\u00f6ffnet.<\/span><\/p>\n","protected":false},"excerpt":{"rendered":"<p>(Foto: Copyright Alexander Hagmann) \u00b7 Immer mehr Kinder haben Schwierigkeiten beim Lesen \u2013 mit Folgen f\u00fcr ihre gesamte Schullaufbahn. Gleichzeitig<\/p>\n","protected":false},"author":3,"featured_media":458638,"comment_status":"closed","ping_status":"open","sticky":false,"template":"","format":"standard","meta":{"colormag_page_container_layout":"default_layout","colormag_page_sidebar_layout":"default_layout","footnotes":""},"categories":[20,15,10,11],"tags":[28041],"class_list":["post-458637","post","type-post","status-publish","format-standard","has-post-thumbnail","hentry","category-besondere-neuigkeiten","category-kultur","category-lubeck-lupe","category-menschlich-gesehen","tag-luebeck-als-treffpunkt-fuer-moderne-lesefoerderung"],"_links":{"self":[{"href":"https:\/\/hier-luebeck.de\/index.php\/wp-json\/wp\/v2\/posts\/458637","targetHints":{"allow":["GET"]}}],"collection":[{"href":"https:\/\/hier-luebeck.de\/index.php\/wp-json\/wp\/v2\/posts"}],"about":[{"href":"https:\/\/hier-luebeck.de\/index.php\/wp-json\/wp\/v2\/types\/post"}],"author":[{"embeddable":true,"href":"https:\/\/hier-luebeck.de\/index.php\/wp-json\/wp\/v2\/users\/3"}],"replies":[{"embeddable":true,"href":"https:\/\/hier-luebeck.de\/index.php\/wp-json\/wp\/v2\/comments?post=458637"}],"version-history":[{"count":1,"href":"https:\/\/hier-luebeck.de\/index.php\/wp-json\/wp\/v2\/posts\/458637\/revisions"}],"predecessor-version":[{"id":458641,"href":"https:\/\/hier-luebeck.de\/index.php\/wp-json\/wp\/v2\/posts\/458637\/revisions\/458641"}],"wp:featuredmedia":[{"embeddable":true,"href":"https:\/\/hier-luebeck.de\/index.php\/wp-json\/wp\/v2\/media\/458638"}],"wp:attachment":[{"href":"https:\/\/hier-luebeck.de\/index.php\/wp-json\/wp\/v2\/media?parent=458637"}],"wp:term":[{"taxonomy":"category","embeddable":true,"href":"https:\/\/hier-luebeck.de\/index.php\/wp-json\/wp\/v2\/categories?post=458637"},{"taxonomy":"post_tag","embeddable":true,"href":"https:\/\/hier-luebeck.de\/index.php\/wp-json\/wp\/v2\/tags?post=458637"}],"curies":[{"name":"wp","href":"https:\/\/api.w.org\/{rel}","templated":true}]}}