{"id":458642,"date":"2026-04-27T11:19:47","date_gmt":"2026-04-27T09:19:47","guid":{"rendered":"https:\/\/hier-luebeck.de\/index.php\/adac-stauprognose-30-april-bis-3-mai-1-mai-sorgt-fuer-eines-der-staureichsten-wochenenden-des-fruehjahrs\/"},"modified":"2026-04-27T11:19:47","modified_gmt":"2026-04-27T09:19:47","slug":"adac-stauprognose-30-april-bis-3-mai-1-mai-sorgt-fuer-eines-der-staureichsten-wochenenden-des-fruehjahrs","status":"publish","type":"post","link":"https:\/\/hier-luebeck.de\/index.php\/adac-stauprognose-30-april-bis-3-mai-1-mai-sorgt-fuer-eines-der-staureichsten-wochenenden-des-fruehjahrs\/","title":{"rendered":"ADAC Stauprognose: 30. April bis 3. Mai \/ 1. Mai sorgt f\u00fcr eines der staureichsten Wochenenden des Fr\u00fchjahrs"},"content":{"rendered":"<p>M\u00fcnchen (ots) &#8211; <\/p>\n<p>Zum Tag der Arbeit am Freitag, dem 1. Mai, nutzen viele Autofahrer das verl\u00e4ngerte Wochenende f\u00fcr einen Kurzurlaub, einen Ausflug oder um Familie und Freunde zu besuchen. Der ADAC rechnet deshalb bereits am Donnerstag, dem 30. April, mit sehr starkem Verkehrsaufkommen auf den deutschen Autobahnen.<\/p>\n<p><!--more--><\/p>\n<p>In den vergangenen Jahren geh\u00f6rte der Tag vor dem Maifeiertag regelm\u00e4\u00dfig zu den staureichsten Tagen des Jahres. <\/p>\n<p>Besonders hoch ist die Staugefahr in Richtung S\u00fcden zu den Alpen, an die K\u00fcsten sowie in andere beliebte Ausflugsregionen. Vor allem am Donnerstagnachmittag und -abend sowie am Freitagvormittag muss mit erheblichen Verz\u00f6gerungen gerechnet werden. Auch rund um gr\u00f6\u00dfere St\u00e4dte und Veranstaltungsorte wird sich das Verkehrsaufkommen deutlich erh\u00f6hen. In Stuttgart sorgt der Cannstatter Wasen noch bis zum 10. Mai zus\u00e4tzlich f\u00fcr erh\u00f6hten Besucherverkehr und starken Parkdruck. In anderen St\u00e4dten locken ebenfalls Fr\u00fchlingsfeste zahlreiche Besucher an. <\/p>\n<p>Am Sonntag, dem 3. Mai, setzt vor allem am Nachmittag leichter R\u00fcckreiseverkehr ein, der insbesondere durch Tagesausfl\u00fcgler und Kurzurlauber verursacht wird. <\/p>\n<p>Am Freitag, dem 1. Mai, sowie am Sonntag, dem 3. Mai, gelten zudem Lkw-Fahrverbote, wodurch sich die Verkehrssituation auf einzelnen Strecken etwas entspannen d\u00fcrfte. <\/p>\n<p>Besonders staugef\u00e4hrdet sind folgende Fernreiserouten: <\/p>\n<p>&#8211; A1 Fehmarn &#8211; L\u00fcbeck &#8211; Hamburg &#8211; Bremen &#8211; Osnabr\u00fcck; Euskirchen &#8211; K\u00f6ln <\/p>\n<p>&#8211; A2 Oberhausen &#8211; Dortmund &#8211; Hannover &#8211; Braunschweig &#8211; Magdeburg <\/p>\n<p>&#8211; A3 Arnheim &#8211; Oberhausen &#8211; K\u00f6ln &#8211; Frankfurt; Linz &#8211; Passau <\/p>\n<p>&#8211; A4 Heerlen\/Aachen &#8211; K\u00f6ln &#8211; Olpe; Chemnitz &#8211; Dresden &#8211; G\u00f6rlitz <\/p>\n<p>&#8211; A5 Karlsruhe &#8211; Basel; Kassel &#8211; Frankfurt <\/p>\n<p>&#8211; A6 Mannheim &#8211; Heilbronn &#8211; N\u00fcrnberg <\/p>\n<p>&#8211; A7 Flensburg &#8211; Hamburg &#8211; Hannover &#8211; Kassel; Ulm &#8211; F\u00fcssen\/Reutte <\/p>\n<p>&#8211; A8 Karlsruhe &#8211; Stuttgart &#8211; M\u00fcnchen &#8211; Salzburg <\/p>\n<p>&#8211; A9 Berlin &#8211; Halle\/Leipzig <\/p>\n<p>&#8211; A12 Berliner Ring &#8211; Frankfurt (Oder) <\/p>\n<p>&#8211; A44 Dortmund &#8211; Kassel <\/p>\n<p>&#8211; A45 Dortmund &#8211; Hagen &#8211; Gie\u00dfen <\/p>\n<p>&#8211; A61 M\u00f6nchengladbach &#8211; Koblenz <\/p>\n<p>&#8211; A81 Singen &#8211; Stuttgart <\/p>\n<p>&#8211; A96 M\u00fcnchen &#8211; Lindau <\/p>\n<p>&#8211; A99 Autobahnring M\u00fcnchen <\/p>\n<p>Bei starkem Reiseverkehr k\u00f6nnen in Deutschland au\u00dferdem Abfahrtssperren aktiviert werden. Davon betroffen sind insbesondere die A7 im Landkreis Ostallg\u00e4u, die A8 in den Landkreisen Rosenheim, Berchtesgadener Land und Miesbach, die A93 Inntalautobahn sowie die B2 und B23 im Landkreis Garmisch-Partenkirchen. In \u00d6sterreich sind derzeit keine Abfahrtssperren geplant, sie k\u00f6nnen bei Bedarf jedoch kurzfristig wieder eingef\u00fchrt werden. <\/p>\n<p>Auch auf den wichtigsten Auslandsrouten bleibt die Lage angespannt. In \u00d6sterreich f\u00fchren vor allem Baustellen auf der A10 Tauern-Autobahn, der A12 Inntal-Autobahn und der A13 Brenner-Autobahn zwischen Innsbruck und dem Brennerpass zu Verz\u00f6gerungen. <\/p>\n<p>In der Schweiz sind insbesondere die A1 zwischen Bern, Z\u00fcrich und St. Margrethen, die A2 zwischen Luzern, Basel, Gotthard und Chiasso sowie die A3 zwischen Basel, Z\u00fcrich und Chur stark belastet. In Italien sind vor allem die A22 Brennerroute sowie die Stra\u00dfen im Puster-, Gr\u00f6dner- und Gadertal und im Vinschgau stauanf\u00e4llig. <\/p>\n<p>Zus\u00e4tzlicher Verkehr ist auch durch das Ende der Maiferien in den Niederlanden am 3. Mai, das Ende der Ferien in einigen Regionen Frankreichs sowie die laufenden Ferien in einzelnen Kantonen der Schweiz zu erwarten. <\/p>\n<p>Aufgrund der Grenzkontrollen kann es bei der Einreise nach Deutschland weiterhin zu Wartezeiten kommen. <\/p>\n<p>Weitere Informationen finden Sie auf www.adac.de. (https:\/\/www.adac.de\/)<\/p>\n<p>Pressekontakt:<\/p>\n<p>ADAC Kommunikation<br \/>\nT +49 89 76 76 54 95<br \/>\naktuell@adac.de<\/p>\n<p>Original-Content von: ADAC, \u00fcbermittelt durch news aktuell<\/p>\n<p>Dieser Beitrag wurde automatisch von Presseportal.de zur Verf\u00fcgung gestellt: https:\/\/www.presseportal.de\/pm\/7849\/6263316<\/p>\n","protected":false},"excerpt":{"rendered":"<p>M\u00fcnchen (ots) &#8211; Zum Tag der Arbeit am Freitag, dem 1. Mai, nutzen viele Autofahrer das verl\u00e4ngerte Wochenende f\u00fcr einen<\/p>\n","protected":false},"author":0,"featured_media":0,"comment_status":"open","ping_status":"open","sticky":false,"template":"","format":"standard","meta":{"colormag_page_container_layout":"default_layout","colormag_page_sidebar_layout":"default_layout","footnotes":""},"categories":[5],"tags":[],"class_list":["post-458642","post","type-post","status-publish","format-standard","hentry","category-politik-wirtschaft"],"_links":{"self":[{"href":"https:\/\/hier-luebeck.de\/index.php\/wp-json\/wp\/v2\/posts\/458642","targetHints":{"allow":["GET"]}}],"collection":[{"href":"https:\/\/hier-luebeck.de\/index.php\/wp-json\/wp\/v2\/posts"}],"about":[{"href":"https:\/\/hier-luebeck.de\/index.php\/wp-json\/wp\/v2\/types\/post"}],"replies":[{"embeddable":true,"href":"https:\/\/hier-luebeck.de\/index.php\/wp-json\/wp\/v2\/comments?post=458642"}],"version-history":[{"count":0,"href":"https:\/\/hier-luebeck.de\/index.php\/wp-json\/wp\/v2\/posts\/458642\/revisions"}],"wp:attachment":[{"href":"https:\/\/hier-luebeck.de\/index.php\/wp-json\/wp\/v2\/media?parent=458642"}],"wp:term":[{"taxonomy":"category","embeddable":true,"href":"https:\/\/hier-luebeck.de\/index.php\/wp-json\/wp\/v2\/categories?post=458642"},{"taxonomy":"post_tag","embeddable":true,"href":"https:\/\/hier-luebeck.de\/index.php\/wp-json\/wp\/v2\/tags?post=458642"}],"curies":[{"name":"wp","href":"https:\/\/api.w.org\/{rel}","templated":true}]}}