{"id":458643,"date":"2026-04-27T09:00:12","date_gmt":"2026-04-27T07:00:12","guid":{"rendered":"https:\/\/hier-luebeck.de\/index.php\/unfall-auf-baumschaukel-grundstueckseigentuemer-musste-haften\/"},"modified":"2026-04-27T09:00:12","modified_gmt":"2026-04-27T07:00:12","slug":"unfall-auf-baumschaukel-grundstueckseigentuemer-musste-haften","status":"publish","type":"post","link":"https:\/\/hier-luebeck.de\/index.php\/unfall-auf-baumschaukel-grundstueckseigentuemer-musste-haften\/","title":{"rendered":"Unfall auf Baumschaukel \/ Grundst\u00fcckseigent\u00fcmer musste haften"},"content":{"rendered":"<p>Berlin (ots) &#8211; <\/p>\n<p>In manchen G\u00e4rten gibt es eine sogenannte Baumschaukel, die nicht an einem Metallger\u00fcst, sondern an einem Ast befestigt ist. Wer ein solches Objekt auf seinem Grundst\u00fcck anbringen l\u00e4sst, der muss den betreffenden Baum regelm\u00e4\u00dfig von fachkundigen Kr\u00e4ften auf Krankheitsbefall \u00fcberpr\u00fcfen lassen. Denn die Rechtsprechung geht davon aus, dass hier wegen der nat\u00fcrlichen Beschaffenheit der Aufh\u00e4ngung, eine gr\u00f6\u00dfere Gefahr droht. In einem konkreten Fall schaukelten zwei Jugendliche, pl\u00f6tzlich brach der Ast und eine der beiden verletzte sich schwer.<\/p>\n<p><!--more--><\/p>\n<p>Der Eigent\u00fcmer, der sein Anwesen f\u00fcr ein Seminar zur Verf\u00fcgung gestellt hatte, musste nach Information des Infodienstes Recht und Steuern der LBS f\u00fcr die Heilbehandlungskosten aufkommen. Er habe seine Verkehrssicherungspflicht nicht erf\u00fcllt, hie\u00df es im Urteil. <\/p>\n<p>(Landgericht L\u00fcbeck, Aktenzeichen 9 O 112\/23) <\/p>\n<p>Pressekontakt:<\/p>\n<p>Dr. Ivonn Kappel<br \/>\nReferat Presse<br \/>\nBundesgesch\u00e4ftsstelle Landesbausparkassen<br \/>\nTel.: 030 20225-5398<br \/>\nFax : 030 20225-5395<br \/>\nE-Mail: ivonn.kappel@dsgv.de<\/p>\n<p>Original-Content von: Bundesgesch\u00e4ftsstelle Landesbausparkassen (LBS), \u00fcbermittelt durch news aktuell<\/p>\n<p>Dieser Beitrag wurde automatisch von Presseportal.de zur Verf\u00fcgung gestellt: https:\/\/www.presseportal.de\/pm\/35604\/6263015<\/p>\n","protected":false},"excerpt":{"rendered":"<p>Berlin (ots) &#8211; In manchen G\u00e4rten gibt es eine sogenannte Baumschaukel, die nicht an einem Metallger\u00fcst, sondern an einem Ast<\/p>\n","protected":false},"author":0,"featured_media":458644,"comment_status":"open","ping_status":"open","sticky":false,"template":"","format":"standard","meta":{"colormag_page_container_layout":"default_layout","colormag_page_sidebar_layout":"default_layout","footnotes":""},"categories":[5],"tags":[],"class_list":["post-458643","post","type-post","status-publish","format-standard","has-post-thumbnail","hentry","category-politik-wirtschaft"],"_links":{"self":[{"href":"https:\/\/hier-luebeck.de\/index.php\/wp-json\/wp\/v2\/posts\/458643","targetHints":{"allow":["GET"]}}],"collection":[{"href":"https:\/\/hier-luebeck.de\/index.php\/wp-json\/wp\/v2\/posts"}],"about":[{"href":"https:\/\/hier-luebeck.de\/index.php\/wp-json\/wp\/v2\/types\/post"}],"replies":[{"embeddable":true,"href":"https:\/\/hier-luebeck.de\/index.php\/wp-json\/wp\/v2\/comments?post=458643"}],"version-history":[{"count":0,"href":"https:\/\/hier-luebeck.de\/index.php\/wp-json\/wp\/v2\/posts\/458643\/revisions"}],"wp:featuredmedia":[{"embeddable":true,"href":"https:\/\/hier-luebeck.de\/index.php\/wp-json\/wp\/v2\/media\/458644"}],"wp:attachment":[{"href":"https:\/\/hier-luebeck.de\/index.php\/wp-json\/wp\/v2\/media?parent=458643"}],"wp:term":[{"taxonomy":"category","embeddable":true,"href":"https:\/\/hier-luebeck.de\/index.php\/wp-json\/wp\/v2\/categories?post=458643"},{"taxonomy":"post_tag","embeddable":true,"href":"https:\/\/hier-luebeck.de\/index.php\/wp-json\/wp\/v2\/tags?post=458643"}],"curies":[{"name":"wp","href":"https:\/\/api.w.org\/{rel}","templated":true}]}}