{"id":458652,"date":"2026-04-27T15:30:27","date_gmt":"2026-04-27T13:30:27","guid":{"rendered":"https:\/\/hier-luebeck.de\/index.php\/pol-rz-in-gestohlenem-auto-unterwegs-polizei-nimmt-23-jaehrigen-auf-der-a-24-fest\/"},"modified":"2026-04-27T15:30:27","modified_gmt":"2026-04-27T13:30:27","slug":"pol-rz-in-gestohlenem-auto-unterwegs-polizei-nimmt-23-jaehrigen-auf-der-a-24-fest","status":"publish","type":"post","link":"https:\/\/hier-luebeck.de\/index.php\/pol-rz-in-gestohlenem-auto-unterwegs-polizei-nimmt-23-jaehrigen-auf-der-a-24-fest\/","title":{"rendered":"POL-RZ: In gestohlenem Auto unterwegs: Polizei nimmt 23-J\u00e4hrigen auf der A 24 fest"},"content":{"rendered":"<p>Ratzeburg (ots) &#8211; <\/p>\n<p>27.04.2026 | Kreis Herzogtum Lauenburg | 24.04.2026 &#8211; A 24 \/ Rastplatz Gudow<\/p>\n<p>Gemeinsame Medieninformation der Staatsanwaltschaft L\u00fcbeck und der Polizeidirektion Ratzeburg<\/p>\n<p>Freitagnachmittag nahm die Polizei auf der A 24 bei Gudow einen Mann fest, der in einemgestohlenen Kleinwagen unterwegs gewesen sein soll.<br \/>\nEs begann als eine Routinekontrolle: Im Rahmen einer gr\u00f6\u00dfer angelegten station\u00e4ren Verkehrskontrolle, auf der A 24 in Fahrtrichtung Berlin auf dem Rastplatz Gudow S\u00fcd, kontrollierten Beamte des Polizeiautobahn- und Bezirksreviers Ratzeburg am 24.04.2026gegen 14:35 Uhr einen Toyota Yaris. Dank der geschulten Augen der Beamten wurde schnell klar, dass hier etwas nicht stimmte konnte. Die wachsamen Einsatzkr\u00e4fte stellten bei der \u00dcberpr\u00fcfung Unstimmigkeiten fest und erlangten Hinweise darauf, dass der Toyota Yaris zuvor in Hamburg entwendet worden sein soll.<\/p>\n<p><!--more--><\/p>\n<p>Am Fahrzeug seien unter anderem gef\u00e4lschte Nummernschilder, sogenannte Dublettenkennzeichen, befestigt gewesen, welche f\u00fcr ein baugleiches Fahrzeug ausgegeben waren. Den PKW stellten die Beamten sicher. Au\u00dferdem hatten die Beamten den Verdacht, dass der Fahrer, ein 23-j\u00e4hriger polnischer Staatsb\u00fcrger, nicht im Besitz der erforderlichen Fahrerlaubnis sein k\u00f6nnte.<br \/>\nDie Polizisten leiteten ein Ermittlungsverfahren wegen des Verdachts der gewerbsm\u00e4\u00dfigen Hehlerei, der Urkundenf\u00e4lschung und des Fahrens ohne Fahrerlaubnisgegen den Mann ein. Sie nahmen ihn vorl\u00e4ufig fest und f\u00fchrten ihn am darauf folgenden Tag einem Haftrichter beim Amtsgericht L\u00fcbeck vor. Dieser Erlie\u00df auf Antrag der Staatsanwaltschaft L\u00fcbeck gegen den Beschuldigten einen Haftbefehl. Der Tatverd\u00e4chtige sitzt nun in Untersuchungshaft.<br \/>\nDr. Jens Buscher, Pressesprecher der Staatsanwaltschaft L\u00fcbeck<\/p>\n<p>Sophie-Marie Jakobi, Pressesprecherin der Polizeidirektion Ratzeburg<\/p>\n<p>R\u00fcckfragen bitte an:<\/p>\n<p>Polizeidirektion Ratzeburg<br \/>\n&#8211; Stabsstelle \/ Presse &#8211;<br \/>\nSophie-Marie Jakobi<br \/>\nTelefon: 04541\/809-2012<br \/>\nE-Mail: Presse.Ratzeburg.PD@polizei.landsh.de<\/p>\n<p>Original-Content von: Polizeidirektion Ratzeburg, \u00fcbermittelt durch news aktuell<\/p>\n<p>Dieser Beitrag wurde automatisch von Presseportal.de zur Verf\u00fcgung gestellt: https:\/\/www.presseportal.de\/blaulicht\/pm\/43735\/6263796<\/p>\n","protected":false},"excerpt":{"rendered":"<p>Ratzeburg (ots) &#8211; 27.04.2026 | Kreis Herzogtum Lauenburg | 24.04.2026 &#8211; A 24 \/ Rastplatz Gudow Gemeinsame Medieninformation der Staatsanwaltschaft<\/p>\n","protected":false},"author":0,"featured_media":0,"comment_status":"open","ping_status":"open","sticky":false,"template":"","format":"standard","meta":{"colormag_page_container_layout":"default_layout","colormag_page_sidebar_layout":"default_layout","footnotes":""},"categories":[1527],"tags":[],"class_list":["post-458652","post","type-post","status-publish","format-standard","hentry","category-blaulicht"],"_links":{"self":[{"href":"https:\/\/hier-luebeck.de\/index.php\/wp-json\/wp\/v2\/posts\/458652","targetHints":{"allow":["GET"]}}],"collection":[{"href":"https:\/\/hier-luebeck.de\/index.php\/wp-json\/wp\/v2\/posts"}],"about":[{"href":"https:\/\/hier-luebeck.de\/index.php\/wp-json\/wp\/v2\/types\/post"}],"replies":[{"embeddable":true,"href":"https:\/\/hier-luebeck.de\/index.php\/wp-json\/wp\/v2\/comments?post=458652"}],"version-history":[{"count":0,"href":"https:\/\/hier-luebeck.de\/index.php\/wp-json\/wp\/v2\/posts\/458652\/revisions"}],"wp:attachment":[{"href":"https:\/\/hier-luebeck.de\/index.php\/wp-json\/wp\/v2\/media?parent=458652"}],"wp:term":[{"taxonomy":"category","embeddable":true,"href":"https:\/\/hier-luebeck.de\/index.php\/wp-json\/wp\/v2\/categories?post=458652"},{"taxonomy":"post_tag","embeddable":true,"href":"https:\/\/hier-luebeck.de\/index.php\/wp-json\/wp\/v2\/tags?post=458652"}],"curies":[{"name":"wp","href":"https:\/\/api.w.org\/{rel}","templated":true}]}}