{"id":458658,"date":"2026-04-27T11:08:48","date_gmt":"2026-04-27T09:08:48","guid":{"rendered":"https:\/\/hier-luebeck.de\/index.php\/pol-hl-hl-st-juergen-kollision-mit-mehreren-fahrzeugen-verdacht-der-trunkenheit\/"},"modified":"2026-04-27T11:08:48","modified_gmt":"2026-04-27T09:08:48","slug":"pol-hl-hl-st-juergen-kollision-mit-mehreren-fahrzeugen-verdacht-der-trunkenheit","status":"publish","type":"post","link":"https:\/\/hier-luebeck.de\/index.php\/pol-hl-hl-st-juergen-kollision-mit-mehreren-fahrzeugen-verdacht-der-trunkenheit\/","title":{"rendered":"POL-HL: HL &#8211; St. J\u00fcrgen \/ Kollision mit mehreren Fahrzeugen &#8211; Verdacht der Trunkenheit"},"content":{"rendered":"<p>L\u00fcbeck (ots) &#8211; <\/p>\n<p>Am Freitagabend (24.04.2026) kam es bei einer Trunkenheitsfahrt zu einem Verkehrsunfall, bei dem drei am Fahrbahnrand geparkte Pkw besch\u00e4digt wurden. Verletzt wurde niemand. Die Polizei hat die Ermittlungen wegen des Verdachts der Gef\u00e4hrdung des Stra\u00dfenverkehrs infolge des Genusses alkoholischer Getr\u00e4nke aufgenommen und den F\u00fchrerschein des Mannes sichergestellt.<br \/>\nGegen 23:30 Uhr soll ein Fahrzeugf\u00fchrer in einem blauen BMW in Schlangenlinien von der M\u00fchlenbr\u00fccke durch die L\u00fcbecker Innenstadt bis zur Falkenstra\u00dfe gefahren sein.<\/p>\n<p><!--more--><\/p>\n<p>Als der Fahrer in die H\u00fcxtertorallee einfuhr, kollidierte er mit drei am Fahrbahnrand abgestellten Fahrzeugen. Dabei blieb der 24-j\u00e4hrige Autofahrer unverletzt.<br \/>\nAn dem BMW sowie an einem Fiat und einem Skoda entstanden schwere Besch\u00e4digungen. An einem ebenfalls am Fahrbahnrand stehenden Opel entstand ebenfalls Schaden. Der BMW war nicht mehr fahrbereit und musste abgeschleppt werden.<br \/>\nDie eingesetzten Polizeibeamten stellten bei dem 24-j\u00e4hrigen L\u00fcbecker weitere Hinweise auf m\u00f6glichen Alkoholkonsum fest. Ein freiwillig durchgef\u00fchrter Atemalkoholtest ergab einen vorl\u00e4ufigen Wert von 1,97 o\/oo. Daraufhin ordneten die Polizisten die Entnahme einer Blutprobe an und stellten den F\u00fchrerschein des L\u00fcbeckers sicher.<br \/>\nDie Polizei hat gegen den Mann (polnische Staatsangeh\u00f6rigkeit) ein Ermittlungsverfahren wegen des Verdachts der Gef\u00e4hrdung des Stra\u00dfenverkehrs infolge des Genusses alkoholische Getr\u00e4nke eingeleitet.<br \/>\nR\u00fcckfragen bitte an:<\/p>\n<p>Polizeidirektion L\u00fcbeck<br \/>\nStabsstelle \/ \u00d6ffentlichkeitsarbeit<br \/>\nAnna Julia Meyer<br \/>\nTelefon: 0451 \/ 131 &#8211; 2005<br \/>\nFax: 0451 \/ 131 &#8211; 2019<br \/>\nE-Mail: Pressestelle.luebeck.pd@polizei.landsh.de<\/p>\n<p>Original-Content von: Polizeidirektion L\u00fcbeck, \u00fcbermittelt durch news aktuell<\/p>\n<p>Dieser Beitrag wurde automatisch von Presseportal.de zur Verf\u00fcgung gestellt: https:\/\/www.presseportal.de\/blaulicht\/pm\/43738\/6263293<\/p>\n","protected":false},"excerpt":{"rendered":"<p>L\u00fcbeck (ots) &#8211; Am Freitagabend (24.04.2026) kam es bei einer Trunkenheitsfahrt zu einem Verkehrsunfall, bei dem drei am Fahrbahnrand geparkte<\/p>\n","protected":false},"author":0,"featured_media":0,"comment_status":"open","ping_status":"open","sticky":false,"template":"","format":"standard","meta":{"colormag_page_container_layout":"default_layout","colormag_page_sidebar_layout":"default_layout","footnotes":""},"categories":[1527],"tags":[],"class_list":["post-458658","post","type-post","status-publish","format-standard","hentry","category-blaulicht"],"_links":{"self":[{"href":"https:\/\/hier-luebeck.de\/index.php\/wp-json\/wp\/v2\/posts\/458658","targetHints":{"allow":["GET"]}}],"collection":[{"href":"https:\/\/hier-luebeck.de\/index.php\/wp-json\/wp\/v2\/posts"}],"about":[{"href":"https:\/\/hier-luebeck.de\/index.php\/wp-json\/wp\/v2\/types\/post"}],"replies":[{"embeddable":true,"href":"https:\/\/hier-luebeck.de\/index.php\/wp-json\/wp\/v2\/comments?post=458658"}],"version-history":[{"count":0,"href":"https:\/\/hier-luebeck.de\/index.php\/wp-json\/wp\/v2\/posts\/458658\/revisions"}],"wp:attachment":[{"href":"https:\/\/hier-luebeck.de\/index.php\/wp-json\/wp\/v2\/media?parent=458658"}],"wp:term":[{"taxonomy":"category","embeddable":true,"href":"https:\/\/hier-luebeck.de\/index.php\/wp-json\/wp\/v2\/categories?post=458658"},{"taxonomy":"post_tag","embeddable":true,"href":"https:\/\/hier-luebeck.de\/index.php\/wp-json\/wp\/v2\/tags?post=458658"}],"curies":[{"name":"wp","href":"https:\/\/api.w.org\/{rel}","templated":true}]}}