{"id":458670,"date":"2026-04-27T19:46:13","date_gmt":"2026-04-27T17:46:13","guid":{"rendered":"https:\/\/hier-luebeck.de\/?p=458670"},"modified":"2026-04-27T19:46:24","modified_gmt":"2026-04-27T17:46:24","slug":"gelungener-auftakt-zur-ausstellung-helme-heine-es-war-einmal","status":"publish","type":"post","link":"https:\/\/hier-luebeck.de\/index.php\/gelungener-auftakt-zur-ausstellung-helme-heine-es-war-einmal\/","title":{"rendered":"Gelungener Auftakt zur Ausstellung \u201eHelme Heine \u2013 Es war einmal\u2026\u201c"},"content":{"rendered":"<p>Am gestrigen Sonntag, 26. April, wurde die Ausstellung \u201eHelme Heine \u2013 Es war einmal\u2026\u201c feierlich im Garten des G\u00fcnter Grass-Hauses er\u00f6ffnet. Der Andrang auf die restlos ausverkaufte Veranstaltung war gro\u00df; rund 200 G\u00e4ste hatten sich bei herrlichem Sonnenschein eingefunden, um die erste Retrospektive zu Helme Heines Werk nach dem Tod des bekannten Bilderbuchk\u00fcnstlers in Augenschein zu nehmen. Zu Gast waren auch der Ministerpr\u00e4sident des Landes Schleswig-Holstein Daniel G\u00fcnther, die Kinderbuchautorin Cornelia Funke sowie Carola und Christoph von Radowitz, die Kinder von Helme Heine. In Gespr\u00e4chen mit Museumsdirektor Dr. J\u00f6rg-Philipp Thomsa und Ausstellungskurator Carl Manzey wurde \u00fcber Helme Heines Werk, aber auch \u00fcber das Lesen und heutige Lesegewohnheiten an sich gesprochen.<!--more--><\/p>\n<p>Ministerpr\u00e4sident Daniel G\u00fcnther zeigte sich begeistert von der Schau: \u201eHelme Heine hat mit seinen Geschichten ganze Generationen begleitet \u2013 mit W\u00e4rme, Witz und einem feinen Blick auf das, was unsere Gesellschaft zusammenh\u00e4lt. Dass das G\u00fcnter Grass-Haus ihm nun eine so lebendige Ausstellung widmet, ist ein sch\u00f6nes und starkes Signal f\u00fcr die Bedeutung von Kinderliteratur gerade in unserer Zeit. Sehr beeindruckt hat mich, wie selbstverst\u00e4ndlich hier an die J\u00fcngsten gedacht wird und wie viel Raum sie bekommen, diese Welt selbst zu entdecken. Das Haus ist und bleibt ein Ort, an dem kulturelle Bildung wirklich gelebt wird. Und setzt mit der engen Zusammenarbeit mit Cornelia Funke ein besonderes Ausrufezeichen. Diese Ausstellung und die Verbindung zweier so pr\u00e4gender Stimmen der Kinderliteratur sind ein echtes Highlight f\u00fcr Schleswig-Holstein und unsere Kulturlandschaft.\u201c Auch Helme Heines Kinder Carola und Christoph von Radowitz waren bewegt, mit wie viel Liebe die Ausstellung gestaltet und damit ihrem Vater gedacht wurde.<\/p>\n<p>\u201eHelme Heine \u2013 Es war einmal\u2026\u201c ist bis zum 10. Januar 2027 sowohl im G\u00fcnter Grass-Haus als auch in der benachbarten Stadtbibliothek L\u00fcbeck zu sehen.<\/p>\n<p>Weitere Informationen unter <a href=\"https:\/\/grass-haus.de\/\">https:\/\/grass-haus.de\/<\/a><\/p>\n<p>Pressematerialien unter <a href=\"https:\/\/die-luebecker-museen.de\/helme-heine\">https:\/\/die-luebecker-museen.de\/helme-heine<\/a><\/p>\n<p>Foto: Thorsten Wulff<\/p>\n","protected":false},"excerpt":{"rendered":"<p>Am gestrigen Sonntag, 26. April, wurde die Ausstellung \u201eHelme Heine \u2013 Es war einmal\u2026\u201c feierlich im Garten des G\u00fcnter Grass-Hauses<\/p>\n","protected":false},"author":4994,"featured_media":458671,"comment_status":"closed","ping_status":"open","sticky":false,"template":"","format":"standard","meta":{"colormag_page_container_layout":"default_layout","colormag_page_sidebar_layout":"default_layout","footnotes":""},"categories":[15,13],"tags":[28045],"class_list":["post-458670","post","type-post","status-publish","format-standard","has-post-thumbnail","hentry","category-kultur","category-veranstaltungen","tag-gelungener-auftakt-zur-ausstellung-helme-heine-es-war-einmal"],"_links":{"self":[{"href":"https:\/\/hier-luebeck.de\/index.php\/wp-json\/wp\/v2\/posts\/458670","targetHints":{"allow":["GET"]}}],"collection":[{"href":"https:\/\/hier-luebeck.de\/index.php\/wp-json\/wp\/v2\/posts"}],"about":[{"href":"https:\/\/hier-luebeck.de\/index.php\/wp-json\/wp\/v2\/types\/post"}],"author":[{"embeddable":true,"href":"https:\/\/hier-luebeck.de\/index.php\/wp-json\/wp\/v2\/users\/4994"}],"replies":[{"embeddable":true,"href":"https:\/\/hier-luebeck.de\/index.php\/wp-json\/wp\/v2\/comments?post=458670"}],"version-history":[{"count":1,"href":"https:\/\/hier-luebeck.de\/index.php\/wp-json\/wp\/v2\/posts\/458670\/revisions"}],"predecessor-version":[{"id":458672,"href":"https:\/\/hier-luebeck.de\/index.php\/wp-json\/wp\/v2\/posts\/458670\/revisions\/458672"}],"wp:featuredmedia":[{"embeddable":true,"href":"https:\/\/hier-luebeck.de\/index.php\/wp-json\/wp\/v2\/media\/458671"}],"wp:attachment":[{"href":"https:\/\/hier-luebeck.de\/index.php\/wp-json\/wp\/v2\/media?parent=458670"}],"wp:term":[{"taxonomy":"category","embeddable":true,"href":"https:\/\/hier-luebeck.de\/index.php\/wp-json\/wp\/v2\/categories?post=458670"},{"taxonomy":"post_tag","embeddable":true,"href":"https:\/\/hier-luebeck.de\/index.php\/wp-json\/wp\/v2\/tags?post=458670"}],"curies":[{"name":"wp","href":"https:\/\/api.w.org\/{rel}","templated":true}]}}