{"id":458675,"date":"2026-04-27T13:42:26","date_gmt":"2026-04-27T11:42:26","guid":{"rendered":"https:\/\/hier-luebeck.de\/index.php\/umfrage-zur-pflege-deutliche-mehrheit-der-menschen-in-schleswig-holstein-unzufrieden-mit-arbeit-der-bundesregierung-aok-chef-tom-ackermann-handlungsbedarf-in-der-pflegeversicherung-ist-gewaltig\/"},"modified":"2026-04-27T13:42:26","modified_gmt":"2026-04-27T11:42:26","slug":"umfrage-zur-pflege-deutliche-mehrheit-der-menschen-in-schleswig-holstein-unzufrieden-mit-arbeit-der-bundesregierung-aok-chef-tom-ackermann-handlungsbedarf-in-der-pflegeversicherung-ist-gewaltig","status":"publish","type":"post","link":"https:\/\/hier-luebeck.de\/index.php\/umfrage-zur-pflege-deutliche-mehrheit-der-menschen-in-schleswig-holstein-unzufrieden-mit-arbeit-der-bundesregierung-aok-chef-tom-ackermann-handlungsbedarf-in-der-pflegeversicherung-ist-gewaltig\/","title":{"rendered":"Umfrage zur Pflege: Deutliche Mehrheit der Menschen in Schleswig-Holstein unzufrieden mit Arbeit der Bundesregierung &#8211; AOK-Chef Tom Ackermann: &#8222;Handlungsbedarf in der Pflegeversicherung ist gewaltig.&#8220;"},"content":{"rendered":"<p>Kiel (ots) &#8211; <\/p>\n<p>Die soziale Pflegeversicherung steckt in der Krise: Hohe Beitragss\u00e4tze, steigende Eigenanteile im Heim und strukturelle Defizite bei Versorgungsangeboten. All das bereitet auch den Menschen in Schleswig-Holstein offenbar erhebliche Sorgen. Das ergab jetzt eine repr\u00e4sentative Civey-Umfrage zum Thema Pflege der AOK NordWest. Auf die Frage, mit welcher Schulnote die Befragten &#8222;die Arbeit der Bundesregierung im Hinblick auf die gesetzliche soziale Pflegeversicherung&#8220; beurteilen w\u00fcrden, vergaben 40 Prozent der Befragten in Schleswig-Holstein ein &#8222;Ungen\u00fcgend&#8220; und damit die Note 6.<\/p>\n<p><!--more--><\/p>\n<p>26 Prozent vergaben die Note 5, 13 Prozent sagen &#8218;ausreichend&#8216; (Note 4). &#8222;Die Ergebnisse der Umfrage machen deutlich, dass der seit langem ungel\u00f6ste Reformbedarf in der Pflege die Menschen offenbar stark verunsichert. Deshalb ist die Bundesregierung gefordert, auch diesen Sozialversicherungszweig finanziell zu stabilisieren, damit das Vertrauen der Menschen in die Zukunft der Sozialen Pflegeversicherung (SPV) nicht verloren geht. Der Handlungsbedarf ist gewaltig&#8220;, sagt AOK-Vorstandschef Tom Ackermann. F\u00fcr die SPV liegen bisher ern\u00fcchternde Ergebnisse der Bund-L\u00e4nder-Arbeitsgruppe &#8218;Zukunftspakt Pflege&#8216; vor. <\/p>\n<p>Pflegeversicherung chronisch unterfinanziert<\/p>\n<p>Eine der zentralen Herausforderungen ist der Umfrage zufolge die Finanzsituation: So stimmten 81 Prozent der Befragten in Schleswig-Holstein der Aussage zu, dass die Pflegeversicherung chronisch unterfinanziert sei. 84 Prozent der Befragten sagten zudem, dass ihr Vertrauen in die finanzielle Stabilit\u00e4t der SPV in den n\u00e4chsten zehn Jahren gering sei, nur elf Prozent gaben ein hohes Vertrauen an. Mit deutlich steigenden Beitr\u00e4gen zur sozialen Pflegeversicherung rechnen in den kommenden zw\u00f6lf Monaten 85 Prozent der Befragten. <\/p>\n<p>SPV von versicherungsfremden Leistungen befreien<\/p>\n<p>AOK-Chef Ackermann betonte, dass eine nachhaltige Stabilisierung der SPV-Finanzen nicht allein durch Effizienzsteigerungen und Ausgabenbegrenzungen wie in der GKV gelingen k\u00f6nne. &#8222;Um weitere Beitragssatzanhebungen in der SPV zu vermeiden, sei dieser Sozialversicherungszweig noch dringender auf zus\u00e4tzliche Bundesmittel angewiesen. Denn die SPV \u00fcbernimmt seit Jahren versicherungsfremde Leistungen wie die Rentenbeitr\u00e4ge f\u00fcr pflegende Angeh\u00f6rige, die eigentlich in gesamtgesellschaftlicher Verantwortung liegen&#8220;, so Ackermann. <\/p>\n<p>85 Prozent f\u00fcrchten finanzielle \u00dcberforderung durch Eigenanteile<\/p>\n<p>Gerade die Eigenanteile im Pflegeheim bereiten bereits heute Sorgen: Diese lagen Ende 2025 in Schleswig-Holstein bei durchschnittlich 2.442 Euro pro Monat. 85 Prozent der Befragten in Schleswig-Holstein gaben an, Angst vor finanzieller \u00dcberforderung zu haben, falls sie selbst einmal im Heim versorgt werden sollten. Dabei bef\u00fcrchten 62 Prozent, in diesem Fall in einem Mehrbettzimmer wohnen zu m\u00fcssen. 49 Prozent f\u00fcrchten, ihrer Familie finanziell zur Last zu fallen. Und 48 Prozent gaben an, Sorge zu haben, kein bezahlbares Pflegeheim in der N\u00e4he finden zu k\u00f6nnen. &#8222;Die Pflegeheim-Bewohnenden m\u00fcssen aktuell mit ihren Eigenanteilen die Vers\u00e4umnisse der L\u00e4nder bei der Finanzierung der Investitionskosten f\u00fcr die Pflegeeinrichtungen ausgleichen&#8220;, so Ackermann. &#8222;Auch das muss Teil der Pflegereform sein. Die Herausnahme der Ausbildungskosten f\u00fcr die Pflegeberufe aus den Eigenanteilen k\u00f6nnte die Belastungen zus\u00e4tzlich d\u00e4mpfen und w\u00fcrde die Pflegebed\u00fcrftigen in den Heimen auf einen Schlag bundesweit um etwa eine Milliarde Euro entlasten.&#8220; <\/p>\n<p>Unzufriedenheit mit Strukturen vor Ort<\/p>\n<p>Auch die Zufriedenheit mit der Pflegeinfrastruktur ist laut Umfrage niedrig in der Bev\u00f6lkerung in Schleswig-Holstein: 50 Prozent der Befragten sind unzufrieden mit den Angeboten in ihrem Bundesland wie an Pflegeheimen, ambulanten Diensten, Tagespflege und Beratungsstellen. Immerhin 33 Prozent bewerten die verf\u00fcgbaren Angebote positiv. Ackermann: &#8222;Neben der Stabilisierung der Finanzen, braucht es dringend auch echte Strukturreformen. Ziel muss es sein, die Pflege vor Ort zu st\u00e4rken und bedarfsgerechter zu gestalten&#8220;, so Ackermann. <\/p>\n<p>Hinweis zur Umfrage: Civey hat im Auftrag der AOK bundesweit 10.000 Personen online befragt. Davon entfallen 1.073 Befragte auf die AOK NordWest. Die Ergebnisse sind f\u00fcr die jeweilige Ebene repr\u00e4sentativ. Dies wird durch ein modellbasiertes, statistisches Verfahren f\u00fcr kleine Datenr\u00e4ume (Small Area Methode) gew\u00e4hrleistet. Der statistische Fehler liegt auf Ebene der elf AOK-Regionen zwischen 1,9 und 5,4 Prozentpunkten. <\/p>\n<p>Pressekontakt:<\/p>\n<p>Jens Kuschel, Pressesprecher<br \/>\nAOK NordWest &#8211; Die Gesundheitskasse. Edisonstra\u00dfe 70, 24145 Kiel<br \/>\nTelefon 0800 2655-505528<br \/>\nMobil 01520-1566136<br \/>\nE-Mail presse@nw.aok.de<\/p>\n<p>Original-Content von: AOK NordWest, \u00fcbermittelt durch news aktuell<\/p>\n<p>Dieser Beitrag wurde automatisch von Presseportal.de zur Verf\u00fcgung gestellt: https:\/\/www.presseportal.de\/pm\/73028\/6263587<\/p>\n","protected":false},"excerpt":{"rendered":"<p>Kiel (ots) &#8211; Die soziale Pflegeversicherung steckt in der Krise: Hohe Beitragss\u00e4tze, steigende Eigenanteile im Heim und strukturelle Defizite bei<\/p>\n","protected":false},"author":0,"featured_media":458676,"comment_status":"open","ping_status":"open","sticky":false,"template":"","format":"standard","meta":{"colormag_page_container_layout":"default_layout","colormag_page_sidebar_layout":"default_layout","footnotes":""},"categories":[26475],"tags":[],"class_list":["post-458675","post","type-post","status-publish","format-standard","has-post-thumbnail","hentry","category-kultur-wissenschaft"],"_links":{"self":[{"href":"https:\/\/hier-luebeck.de\/index.php\/wp-json\/wp\/v2\/posts\/458675","targetHints":{"allow":["GET"]}}],"collection":[{"href":"https:\/\/hier-luebeck.de\/index.php\/wp-json\/wp\/v2\/posts"}],"about":[{"href":"https:\/\/hier-luebeck.de\/index.php\/wp-json\/wp\/v2\/types\/post"}],"replies":[{"embeddable":true,"href":"https:\/\/hier-luebeck.de\/index.php\/wp-json\/wp\/v2\/comments?post=458675"}],"version-history":[{"count":0,"href":"https:\/\/hier-luebeck.de\/index.php\/wp-json\/wp\/v2\/posts\/458675\/revisions"}],"wp:featuredmedia":[{"embeddable":true,"href":"https:\/\/hier-luebeck.de\/index.php\/wp-json\/wp\/v2\/media\/458676"}],"wp:attachment":[{"href":"https:\/\/hier-luebeck.de\/index.php\/wp-json\/wp\/v2\/media?parent=458675"}],"wp:term":[{"taxonomy":"category","embeddable":true,"href":"https:\/\/hier-luebeck.de\/index.php\/wp-json\/wp\/v2\/categories?post=458675"},{"taxonomy":"post_tag","embeddable":true,"href":"https:\/\/hier-luebeck.de\/index.php\/wp-json\/wp\/v2\/tags?post=458675"}],"curies":[{"name":"wp","href":"https:\/\/api.w.org\/{rel}","templated":true}]}}