{"id":458678,"date":"2026-04-28T07:35:00","date_gmt":"2026-04-28T05:35:00","guid":{"rendered":"https:\/\/hier-luebeck.de\/index.php\/startschuss-fuer-bundesweite-studie-wie-zukunftsfaehig-ist-leadership-in-stadtwerken\/"},"modified":"2026-04-28T07:35:00","modified_gmt":"2026-04-28T05:35:00","slug":"startschuss-fuer-bundesweite-studie-wie-zukunftsfaehig-ist-leadership-in-stadtwerken","status":"publish","type":"post","link":"https:\/\/hier-luebeck.de\/index.php\/startschuss-fuer-bundesweite-studie-wie-zukunftsfaehig-ist-leadership-in-stadtwerken\/","title":{"rendered":"Startschuss f\u00fcr bundesweite Studie: Wie zukunftsf\u00e4hig ist Leadership in Stadtwerken?"},"content":{"rendered":"<p>Hamburg (ots) &#8211; <\/p>\n<p>Die Stadtwerke stehen unter einem Transformationsdruck: Energiewende, Digitalisierung und Fachkr\u00e4ftemangel fordern F\u00fchrung auf allen Ebenen heraus &#8211; doch wie gut ist Leadership in der Kommunalwirtschaft darauf vorbereitet? Dieser Frage geht ab sofort eine neue bundesweite Studie nach, die CEO der Zukunft gemeinsam mit dem Institut f\u00fcr F\u00fchrung und Personalmanagement der Universit\u00e4t St. Gallen, dem Verband kommunaler Unternehmen e.V., Personio, Europas f\u00fchrendem Anbieter von HR-Software sowie einem Lenkungskreis aus sieben Stadtwerken initiiert hat. Sie richtet sich an Stadtwerke, Gesch\u00e4ftsf\u00fchrungen, Vorst\u00e4nde, HR-Verantwortliche sowie weitere F\u00fchrungskr\u00e4fte und Entscheider:innen. Sie soll Leadership in der Kommunalwirtschaft st\u00e4rken sowie systematischer, vergleichbarer und zukunftsf\u00e4higer machen.<\/p>\n<p><!--more--><\/p>\n<p>Anfang 2027 werden die Ergebnisse ver\u00f6ffentlicht. <\/p>\n<p>F\u00fchrung als Schl\u00fcsselfaktor der Transformation<\/p>\n<p>Im Mittelpunkt der Studie stehen die Fragen, wie gut Stadtwerke organisatorisch und kulturell auf die aktuellen Transformationsanforderungen vorbereitet sind und welche Voraussetzungen F\u00fchrung heute erf\u00fcllen muss, um Ver\u00e4nderung wirksam zu gestalten. <\/p>\n<p>CEO der Zukunft \u00fcbernimmt dabei die Gesamtkoordination und Tr\u00e4gerschaft des Projekts. &#8222;Das Besondere ist, dass bei der Studie die Perspektiven von Gesch\u00e4ftsf\u00fchrung, HR-Verantwortlichen und F\u00fchrungskr\u00e4ften systematisch zusammengef\u00fchrt werden, um ein ganzheitliches Bild von F\u00fchrung in Stadtwerken zu erm\u00f6glichen. Das unterstreicht unseren Anspruch mit der Initiative CEO der Zukunft. Wir m\u00f6chten Leadership in der Kommunalwirtschaft nicht nur als Zukunftsaufgabe benennen, sondern systematisch weiterentwickeln&#8220;, so Dr. Jens Meier, Gr\u00fcnder von CEO der Zukunft und CEO der Stadtwerke L\u00fcbeck Gruppe. <\/p>\n<p>Wissenschaftliche Verantwortung liegt bei dem Institut f\u00fcr F\u00fchrung und Personalmanagement der Universit\u00e4t St. Gallen<\/p>\n<p>Das Projektteam von Prof. Dr. Heike Bruch, Direktorin des Instituts f\u00fcr Leadership und Personalmanagement, k\u00fcmmert sich um die methodische Anlage der Studie &#8211; von qualitativen Initialinterviews \u00fcber die Entwicklung der Frageb\u00f6gen bis hin zu Analyse, Benchmarking und Publikation. <\/p>\n<p>&#8222;Unsere Forschung ist darauf ausgerichtet, etwas in der Praxis zu bewegen. Das ist der Anspruch, mit dem wir an der Universit\u00e4t St. Gallen arbeiten: From Insight to Impact. Leadership in Stadtwerken ist ein hochrelevantes Feld, das bislang wissenschaftlich kaum beleuchtet wurde. Mit dieser Studie wollen wir das \u00e4ndern &#8211; und F\u00fchrungskr\u00e4ften in der Kommunalwirtschaft belastbare Erkenntnisse und konkrete Handlungsimpulse f\u00fcr ihre praktische F\u00fchrungsarbeit an die Hand geben.&#8220; sagt Prof. Dr. Heike Bruch. <\/p>\n<p>Studienaufbau und Zeitplan <\/p>\n<p>Zum Projektstart sind qualitative Initialinterviews vorgesehen. Darauf aufbauend werden Frageb\u00f6gen f\u00fcr C-Level, HR-Verantwortliche und F\u00fchrungskr\u00e4fte entwickelt. In der Feldphase sollen mindestens 50 Stadtwerke erreicht werden. <\/p>\n<p>Die Ergebnisse werden in verschiedenen Formaten aufbereitet, darunter ein Branchen-Benchmark-Bericht, wissenschaftliche Auswertungen sowie konkrete Handlungsempfehlungen zur Weiterentwicklung von F\u00fchrungskr\u00e4ften und Organisationen. <\/p>\n<p>Lenkungskreis sichert kommunale Verankerung<\/p>\n<p>Die inhaltliche Sch\u00e4rfung des Projekts begleitet ein Lenkungskreis aus sieben Stadtwerken. Den Vorsitz \u00fcbernimmt Dr. Charlotte Beissel (Stadtwerke D\u00fcsseldorf). <\/p>\n<p>&#8222;Ich leite den Lenkungskreis dieser Studie aus voller \u00dcberzeugung, weil Leadership f\u00fcr die Zukunftsf\u00e4higkeit von Stadtwerken ein strategisches Thema ist. Die Studie kann Orientierung geben, Good Practices sichtbar machen und einen wertvollen Erfahrungs- und Wissenstransfer in der Branche ansto\u00dfen. Ich w\u00fcnsche mir, dass sie Stadtwerke und F\u00fchrungskr\u00e4fte ermutigt, Leadership noch konsequenter als Zukunftsthema zu gestalten&#8220;, sagt Dr. Charlotte Beissel. Weitere Mitglieder sind Eefje Pompen (enercity), Caspar Baumgart (WEMAG), Sebastian Jurczyk (Stadtwerke M\u00fcnster GmbH), Vera Weidemann (EWE AG), Magdalena Weigel (N-ERGIE AG) und Hans-Martin Hellebrand (Badenova). Damit flie\u00dfen Perspektiven und Erfahrungen aus der kommunalen Praxis unmittelbar in das Projekt ein. <\/p>\n<p>VKU und Personio als Projektpartner<\/p>\n<p>Unterst\u00fctzt wird die Studie von zwei Partnern: Der VKU (Verband kommunaler Unternehmen e. V.) st\u00e4rkt die Anschlussf\u00e4higkeit an die kommunale Praxis und den Nutzen f\u00fcr die Branche. Personio setzt Impulse mit Blick auf moderne HR-Strukturen, digitale Prozesse und die strukturellen Voraussetzungen wirksamer F\u00fchrung. Gemeinsam erm\u00f6glichen beide Partner, F\u00fchrung sowohl als kulturelle Aufgabe zu betrachten, als auch im Zusammenspiel mit den organisatorischen Rahmenbedingungen, die gute F\u00fchrung im Alltag erst m\u00f6glich machen. <\/p>\n<p>Dr. Heiko Sch\u00e4ffer, Gesch\u00e4ftsf\u00fchrer Abteilung Zentrale Dienste, Digitales und Personalfragen des VKU, sagt: &#8222;Die Studie gibt uns die Chance, unseren Mitgliedern erstmals einen fundierten Benchmark und konkrete Orientierung f\u00fcr die Weiterentwicklung von F\u00fchrung in Stadtwerken an die Hand zu geben. Dass Wissenschaft, kommunale Praxis und der VKU hier zusammenkommen, macht das Projekt f\u00fcr die Mitglieder besonders wertvoll.&#8220; <\/p>\n<p>David Duczek, Abteilungsleiter \u00d6ffentlicher Sektor bei Personio, sagt: &#8222;Wir f\u00f6rdern die Studie, weil zukunftsf\u00e4hige F\u00fchrung nicht nur eine Frage von Haltung ist, sondern auch von den richtigen HR-Strukturen und durchg\u00e4ngig digitalisierten Prozessen. Wenn es gelingt, administrative Aufw\u00e4nde zu reduzieren und F\u00fchrungskr\u00e4fte gezielt zu st\u00e4rken, entsteht mehr Raum f\u00fcr strategische F\u00fchrung, wirksame Zusammenarbeit und echte Transformation.&#8220; <\/p>\n<p>Weitere Informationen finden Interessierte unter: https:\/\/ceo-der-zukunft.de\/leadership-studie<\/p>\n<p>\u00dcber CEO der Zukunft <\/p>\n<p>CEO der Zukunft ist eine 2025 gegr\u00fcndete bundesweite Initiative f\u00fcr die Kommunalwirtschaft mit dem Ziel, die besten K\u00f6pfe f\u00fcr die Branche zu gewinnen und Zukunftsthemen erfolgreich umzusetzen. Ein zentraler Baustein ist das Cross-Mentoring-Programm mit \u00fcber 30 Top-CEOs deutscher Stadtwerke und Kommunalunternehmen als Mentor:innen. <\/p>\n<p>Gr\u00fcnder: Prof. Dr. Friedemann Schulz von Thun und Dr. Jens Meier <\/p>\n<p>Gesch\u00e4ftsf\u00fchrung und Programmleitung: Felix Schulz von Thun <\/p>\n<p>Pressekontakt:<\/p>\n<p>E-Mail: team@ceo-der-zukunft.de<\/p>\n<p>Original-Content von: AKOMM Akademie f\u00fcr Kommunale F\u00fchrung GmbH, \u00fcbermittelt durch news aktuell<\/p>\n<p>Dieser Beitrag wurde automatisch von Presseportal.de zur Verf\u00fcgung gestellt: https:\/\/www.presseportal.de\/pm\/181160\/6263960<\/p>\n","protected":false},"excerpt":{"rendered":"<p>Hamburg (ots) &#8211; Die Stadtwerke stehen unter einem Transformationsdruck: Energiewende, Digitalisierung und Fachkr\u00e4ftemangel fordern F\u00fchrung auf allen Ebenen heraus &#8211;<\/p>\n","protected":false},"author":0,"featured_media":458679,"comment_status":"open","ping_status":"open","sticky":false,"template":"","format":"standard","meta":{"colormag_page_container_layout":"default_layout","colormag_page_sidebar_layout":"default_layout","footnotes":""},"categories":[5],"tags":[],"class_list":["post-458678","post","type-post","status-publish","format-standard","has-post-thumbnail","hentry","category-politik-wirtschaft"],"_links":{"self":[{"href":"https:\/\/hier-luebeck.de\/index.php\/wp-json\/wp\/v2\/posts\/458678","targetHints":{"allow":["GET"]}}],"collection":[{"href":"https:\/\/hier-luebeck.de\/index.php\/wp-json\/wp\/v2\/posts"}],"about":[{"href":"https:\/\/hier-luebeck.de\/index.php\/wp-json\/wp\/v2\/types\/post"}],"replies":[{"embeddable":true,"href":"https:\/\/hier-luebeck.de\/index.php\/wp-json\/wp\/v2\/comments?post=458678"}],"version-history":[{"count":0,"href":"https:\/\/hier-luebeck.de\/index.php\/wp-json\/wp\/v2\/posts\/458678\/revisions"}],"wp:featuredmedia":[{"embeddable":true,"href":"https:\/\/hier-luebeck.de\/index.php\/wp-json\/wp\/v2\/media\/458679"}],"wp:attachment":[{"href":"https:\/\/hier-luebeck.de\/index.php\/wp-json\/wp\/v2\/media?parent=458678"}],"wp:term":[{"taxonomy":"category","embeddable":true,"href":"https:\/\/hier-luebeck.de\/index.php\/wp-json\/wp\/v2\/categories?post=458678"},{"taxonomy":"post_tag","embeddable":true,"href":"https:\/\/hier-luebeck.de\/index.php\/wp-json\/wp\/v2\/tags?post=458678"}],"curies":[{"name":"wp","href":"https:\/\/api.w.org\/{rel}","templated":true}]}}