{"id":458680,"date":"2026-04-28T15:47:23","date_gmt":"2026-04-28T13:47:23","guid":{"rendered":"https:\/\/hier-luebeck.de\/?p=458680"},"modified":"2026-04-28T15:47:23","modified_gmt":"2026-04-28T13:47:23","slug":"strassensperrungen-fuer-den-malenter-kreativmarkt-erforderlich","status":"publish","type":"post","link":"https:\/\/hier-luebeck.de\/index.php\/strassensperrungen-fuer-den-malenter-kreativmarkt-erforderlich\/","title":{"rendered":"Stra\u00dfensperrungen f\u00fcr den Malenter Kreativmarkt erforderlich"},"content":{"rendered":"<p>Mit dem ersten Maiwochenende kommt auch eine beliebte Veranstaltung wieder nach Malente. Am Freitag, den 01. Mai<br \/>\nund Samstag, den 02. Mai von jeweils 11:00 bis 18:00 Uhr.<!--more-->Dort kann man auf der Diekseepromenade ab der Einfahrt zum Bootshaus bis zum Rondell \u00fcber den Kreativmarkt mit Blick \u00fcber den See schlendern und an einer Vielzahl vonVerkaufs- und Gastronomiest\u00e4nden unterschiedlichste kreative und regionale Produkte entdecken. Auch f\u00fcr ein buntes Mitmachprogramm ist gesorgt.<\/p>\n<p><strong>Stra\u00dfensperrungen erforderlich<\/strong><br \/>\nW\u00e4hrend des gesamten Wochenendes und des Aufbaus am Donnerstag, den 30.04.2026 wird das Veranstaltungsgel\u00e4nde f\u00fcr Fahrzeuge gesperrt sein. Die Stra\u00dfensperrung beginnt ab der Kreuzung Diekseepromenade \/ Frahmsallee bis zur Kreuzung Diekseepromenade \/ Seestra\u00dfe.<\/p>\n<p>Die Zufahrten zum Hotel Dieksee und zum Hotel Holsteinische Schweiz sind nicht betroffen. Auch die Strecke zwischen dem Rondell und Diekseepromenade 17 wird gesperrt. Ab Montag, den 04.05.2026, ca. 12:00 Uhr sind alle Sperrungen planm\u00e4\u00dfig wieder aufgehoben.<\/p>\n<p>Der Kreativmarkt ist zu folgenden Zeiten ge\u00f6ffnet:<br \/>\nFreitag, den 01. Mai 2026 11:00 \u2013 18:00 Uhr<br \/>\nSamstag, den 02. Mai 2026 11:00 \u2013 18:00 Uhr<\/p>\n<p>Die Veranstaltung wird unterst\u00fctzt von der Sparkasse Holstein sowie Dose &amp; Sohn Bauunternehmen.<br \/>\nDie Veranstaltung wird von der Malente Tourismus- und Service GmbH (MaTS) organisiert.<\/p>\n","protected":false},"excerpt":{"rendered":"<p>Mit dem ersten Maiwochenende kommt auch eine beliebte Veranstaltung wieder nach Malente. Am Freitag, den 01. Mai und Samstag, den<\/p>\n","protected":false},"author":3,"featured_media":458681,"comment_status":"closed","ping_status":"open","sticky":false,"template":"","format":"standard","meta":{"colormag_page_container_layout":"default_layout","colormag_page_sidebar_layout":"default_layout","footnotes":""},"categories":[20,26475,13],"tags":[28047],"class_list":["post-458680","post","type-post","status-publish","format-standard","has-post-thumbnail","hentry","category-besondere-neuigkeiten","category-kultur-wissenschaft","category-veranstaltungen","tag-strassensperrungen-fuer-den-malenter-kreativmarkt-erforderlich"],"_links":{"self":[{"href":"https:\/\/hier-luebeck.de\/index.php\/wp-json\/wp\/v2\/posts\/458680","targetHints":{"allow":["GET"]}}],"collection":[{"href":"https:\/\/hier-luebeck.de\/index.php\/wp-json\/wp\/v2\/posts"}],"about":[{"href":"https:\/\/hier-luebeck.de\/index.php\/wp-json\/wp\/v2\/types\/post"}],"author":[{"embeddable":true,"href":"https:\/\/hier-luebeck.de\/index.php\/wp-json\/wp\/v2\/users\/3"}],"replies":[{"embeddable":true,"href":"https:\/\/hier-luebeck.de\/index.php\/wp-json\/wp\/v2\/comments?post=458680"}],"version-history":[{"count":1,"href":"https:\/\/hier-luebeck.de\/index.php\/wp-json\/wp\/v2\/posts\/458680\/revisions"}],"predecessor-version":[{"id":458682,"href":"https:\/\/hier-luebeck.de\/index.php\/wp-json\/wp\/v2\/posts\/458680\/revisions\/458682"}],"wp:featuredmedia":[{"embeddable":true,"href":"https:\/\/hier-luebeck.de\/index.php\/wp-json\/wp\/v2\/media\/458681"}],"wp:attachment":[{"href":"https:\/\/hier-luebeck.de\/index.php\/wp-json\/wp\/v2\/media?parent=458680"}],"wp:term":[{"taxonomy":"category","embeddable":true,"href":"https:\/\/hier-luebeck.de\/index.php\/wp-json\/wp\/v2\/categories?post=458680"},{"taxonomy":"post_tag","embeddable":true,"href":"https:\/\/hier-luebeck.de\/index.php\/wp-json\/wp\/v2\/tags?post=458680"}],"curies":[{"name":"wp","href":"https:\/\/api.w.org\/{rel}","templated":true}]}}