{"id":458715,"date":"2026-04-29T12:22:06","date_gmt":"2026-04-29T10:22:06","guid":{"rendered":"https:\/\/hier-luebeck.de\/?p=458715"},"modified":"2026-04-29T12:52:47","modified_gmt":"2026-04-29T10:52:47","slug":"schleswig-holsteinische-krebsgesellschaft-e-v-laedt-ein-neue-perspektiven-bei-hautkrebs","status":"publish","type":"post","link":"https:\/\/hier-luebeck.de\/index.php\/schleswig-holsteinische-krebsgesellschaft-e-v-laedt-ein-neue-perspektiven-bei-hautkrebs\/","title":{"rendered":"Schleswig-Holsteinische Krebsgesellschaft e.V. l\u00e4dt ein &#8211; Neue Perspektiven bei Hautkrebs"},"content":{"rendered":"<p>Symbolfoto: Gemini KI generiert: (Perspektiven bei Hautkrebs) \u00b7 Am Dienstag, den 12. Mai, steht das Patientencaf\u00e9 der Schleswig-Holsteinischen Krebsgesellschaft e. V. ganz im Zeichen neuer medizinischer Entwicklungen im Bereich der Melanom-Therapie. <!--more-->Die Veranstaltung findet von 14 bis 16 Uhr in der Sparkasse L\u00fcbeck, Breite Stra\u00dfe 18\u201328, in L\u00fcbeck statt.<\/p>\n<p>Als Referentin ist Frau Dr. Viktoria Hagelstein vom Universit\u00e4tsklinikum Schleswig-Holstein (UKSH) L\u00fcbeck zu Gast. Die Fach\u00e4rztin f\u00fcr Dermato-Onkologie, medikament\u00f6se Tumortherapie und Palliativmedizin spricht zum Thema \u201eNeue Behandlungsm\u00f6glichkeiten bei Melanom\u201c.<\/p>\n<p>Sie gibt Einblicke in aktuelle Therapieans\u00e4tze und zeigt auf, welche Fortschritte die moderne Medizin f\u00fcr Betroffene bereith\u00e4lt. Im Anschluss besteht die M\u00f6glichkeit, Fragen zu stellen und ins pers\u00f6nliche Gespr\u00e4ch zu kommen. So entsteht Raum f\u00fcr Austausch, Information und individuelle Anliegen.<\/p>\n<p>Das Patientencaf\u00e9 richtet sich an Krebspatienten und m\u00f6chte Raum f\u00fcr Information, Begegnung und gegenseitige St\u00e4rkung bieten. Die Teilnahme ist kostenfrei.<\/p>\n<p>Eine Anmeldung ist per E-Mail an <a href=\"mailto:doerre@krebsgesellschaft-sh.de\">doerre@krebsgesellschaft-sh.de<\/a> oder telefonisch unter 0162\/4212883 erforderlich. Bitte eine Nachricht auf der Mailbox hinterlassen.<\/p>\n","protected":false},"excerpt":{"rendered":"<p>Symbolfoto: Gemini KI generiert: (Perspektiven bei Hautkrebs) \u00b7 Am Dienstag, den 12. Mai, steht das Patientencaf\u00e9 der Schleswig-Holsteinischen Krebsgesellschaft e.<\/p>\n","protected":false},"author":3,"featured_media":458716,"comment_status":"closed","ping_status":"open","sticky":false,"template":"","format":"standard","meta":{"colormag_page_container_layout":"default_layout","colormag_page_sidebar_layout":"default_layout","footnotes":""},"categories":[25988,14,13],"tags":[28051],"class_list":["post-458715","post","type-post","status-publish","format-standard","has-post-thumbnail","hentry","category-gesund-werden-und-bleiben","category-tipps-informationen","category-veranstaltungen","tag-schleswig-holsteinische-krebsgesellschaft-e-v-laedt-ein-neue-perspektiven-bei-hautkrebs"],"_links":{"self":[{"href":"https:\/\/hier-luebeck.de\/index.php\/wp-json\/wp\/v2\/posts\/458715","targetHints":{"allow":["GET"]}}],"collection":[{"href":"https:\/\/hier-luebeck.de\/index.php\/wp-json\/wp\/v2\/posts"}],"about":[{"href":"https:\/\/hier-luebeck.de\/index.php\/wp-json\/wp\/v2\/types\/post"}],"author":[{"embeddable":true,"href":"https:\/\/hier-luebeck.de\/index.php\/wp-json\/wp\/v2\/users\/3"}],"replies":[{"embeddable":true,"href":"https:\/\/hier-luebeck.de\/index.php\/wp-json\/wp\/v2\/comments?post=458715"}],"version-history":[{"count":2,"href":"https:\/\/hier-luebeck.de\/index.php\/wp-json\/wp\/v2\/posts\/458715\/revisions"}],"predecessor-version":[{"id":458718,"href":"https:\/\/hier-luebeck.de\/index.php\/wp-json\/wp\/v2\/posts\/458715\/revisions\/458718"}],"wp:featuredmedia":[{"embeddable":true,"href":"https:\/\/hier-luebeck.de\/index.php\/wp-json\/wp\/v2\/media\/458716"}],"wp:attachment":[{"href":"https:\/\/hier-luebeck.de\/index.php\/wp-json\/wp\/v2\/media?parent=458715"}],"wp:term":[{"taxonomy":"category","embeddable":true,"href":"https:\/\/hier-luebeck.de\/index.php\/wp-json\/wp\/v2\/categories?post=458715"},{"taxonomy":"post_tag","embeddable":true,"href":"https:\/\/hier-luebeck.de\/index.php\/wp-json\/wp\/v2\/tags?post=458715"}],"curies":[{"name":"wp","href":"https:\/\/api.w.org\/{rel}","templated":true}]}}