{"id":458720,"date":"2026-04-29T13:26:50","date_gmt":"2026-04-29T11:26:50","guid":{"rendered":"https:\/\/hier-luebeck.de\/?p=458720"},"modified":"2026-04-29T13:26:50","modified_gmt":"2026-04-29T11:26:50","slug":"die-freiheit-zu-singen-begegnungskonzert-in-der-jva-luebeck","status":"publish","type":"post","link":"https:\/\/hier-luebeck.de\/index.php\/die-freiheit-zu-singen-begegnungskonzert-in-der-jva-luebeck\/","title":{"rendered":"\u201eDie Freiheit zu singen\u201c: Begegnungskonzert in der JVA L\u00fcbeck"},"content":{"rendered":"<p>Symbolfoto: Gemini KI generiert (M\u00e4nner Gef\u00e4ngnischor) \u00b7 Im Rahmen des L\u00fcbecker Brahms-Festivals geben Gefangenench\u00f6re der Justizvollzugsanstalt L\u00fcbeck gemeinsam mit dem PopsChor der Musikhochschule L\u00fcbeck ein Begegnungskonzert unter dem Titel \u201eDie Freiheit zu singen\u201c.<!--more-->Das Konzert findet am Dienstag, 5. Mai 2026, um 17:00 Uhr in der JVA L\u00fcbeck statt. Es ist grunds\u00e4tzlich auch f\u00fcr die \u00d6ffentlichkeit zug\u00e4nglich; die verf\u00fcgbaren Pl\u00e4tze sind jedoch bereits ausgebucht.<\/p>\n<p>An dem Konzert nehmen die Ministerin f\u00fcr Justiz und Gesundheit, Prof. Dr. Kerstin von der Decken, sowie Justizstaatssekret\u00e4rin Birgit He\u00df teil. Im Anschluss stehen f\u00fcr O-T\u00f6ne zur Verf\u00fcgung: die Ministerin und die Staatssekret\u00e4rin, die Chorleiter Stephan Fleck und Prof. Bernd Ruf, die Projektleiterin Prof. Dr. Annette Ziegenmeyer, Chormitglieder sowie der Anstaltsleiter.<\/p>\n<p>Die Justizvollzugsanstalt L\u00fcbeck wurde in den Jahren 1908 bis 1909 als \u201ezentrale Strafanstalt\u201c auf dem Lauerh\u00f6fer Feld im Stadtteil Marli errichtet. Sie verf\u00fcgt derzeit \u00fcber 479 Haftpl\u00e4tze im geschlossenen und offenen Vollzug f\u00fcr Straf- und Untersuchungshaft an erwachsenen M\u00e4nnern und Frauen. In der Anstalt sind 382 Mitarbeiterinnen und Mitarbeiter besch\u00e4ftigt. Die JVA L\u00fcbeck arbeitet eng mit einer Vielzahl externer Tr\u00e4ger zusammen.<\/p>\n","protected":false},"excerpt":{"rendered":"<p>Symbolfoto: Gemini KI generiert (M\u00e4nner Gef\u00e4ngnischor) \u00b7 Im Rahmen des L\u00fcbecker Brahms-Festivals geben Gefangenench\u00f6re der Justizvollzugsanstalt L\u00fcbeck gemeinsam mit dem<\/p>\n","protected":false},"author":3,"featured_media":458719,"comment_status":"closed","ping_status":"open","sticky":false,"template":"","format":"standard","meta":{"colormag_page_container_layout":"default_layout","colormag_page_sidebar_layout":"default_layout","footnotes":""},"categories":[20,10,11,13],"tags":[28052],"class_list":["post-458720","post","type-post","status-publish","format-standard","has-post-thumbnail","hentry","category-besondere-neuigkeiten","category-lubeck-lupe","category-menschlich-gesehen","category-veranstaltungen","tag-die-freiheit-zu-singen-begegnungskonzert-in-der-jva-luebeck"],"_links":{"self":[{"href":"https:\/\/hier-luebeck.de\/index.php\/wp-json\/wp\/v2\/posts\/458720","targetHints":{"allow":["GET"]}}],"collection":[{"href":"https:\/\/hier-luebeck.de\/index.php\/wp-json\/wp\/v2\/posts"}],"about":[{"href":"https:\/\/hier-luebeck.de\/index.php\/wp-json\/wp\/v2\/types\/post"}],"author":[{"embeddable":true,"href":"https:\/\/hier-luebeck.de\/index.php\/wp-json\/wp\/v2\/users\/3"}],"replies":[{"embeddable":true,"href":"https:\/\/hier-luebeck.de\/index.php\/wp-json\/wp\/v2\/comments?post=458720"}],"version-history":[{"count":1,"href":"https:\/\/hier-luebeck.de\/index.php\/wp-json\/wp\/v2\/posts\/458720\/revisions"}],"predecessor-version":[{"id":458721,"href":"https:\/\/hier-luebeck.de\/index.php\/wp-json\/wp\/v2\/posts\/458720\/revisions\/458721"}],"wp:featuredmedia":[{"embeddable":true,"href":"https:\/\/hier-luebeck.de\/index.php\/wp-json\/wp\/v2\/media\/458719"}],"wp:attachment":[{"href":"https:\/\/hier-luebeck.de\/index.php\/wp-json\/wp\/v2\/media?parent=458720"}],"wp:term":[{"taxonomy":"category","embeddable":true,"href":"https:\/\/hier-luebeck.de\/index.php\/wp-json\/wp\/v2\/categories?post=458720"},{"taxonomy":"post_tag","embeddable":true,"href":"https:\/\/hier-luebeck.de\/index.php\/wp-json\/wp\/v2\/tags?post=458720"}],"curies":[{"name":"wp","href":"https:\/\/api.w.org\/{rel}","templated":true}]}}