{"id":458722,"date":"2026-04-29T13:38:18","date_gmt":"2026-04-29T11:38:18","guid":{"rendered":"https:\/\/hier-luebeck.de\/?p=458722"},"modified":"2026-04-29T13:38:18","modified_gmt":"2026-04-29T11:38:18","slug":"gba-festnahme-wegen-mutmasslicher-geheimdienstlicher-agententaetigkeit-4","status":"publish","type":"post","link":"https:\/\/hier-luebeck.de\/index.php\/gba-festnahme-wegen-mutmasslicher-geheimdienstlicher-agententaetigkeit-4\/","title":{"rendered":"GBA: Festnahme wegen mutma\u00dflicher geheimdienstlicher Agentent\u00e4tigkeit"},"content":{"rendered":"<p>Karlsruhe (ots) &#8211; Die Bundesanwaltschaft hat gestern (28. April 2026) aufgrund eines Haftbefehls des Ermittlungsrichters des Bundesgerichtshofs vom 23. April\u00a02026 in Berlin\u00a0den kasachischen Staatsangeh\u00f6rigen Sergej K.\u00a0durch Beamte des Bundeskriminalamts festnehmen lassen. <!--more-->Zudem wurden dort die R\u00e4umlichkeiten des Beschuldigten sowie einer nicht tatverd\u00e4chtigen Person durchsucht.\u00a0Der Beschuldigte ist dringend verd\u00e4chtig, f\u00fcr einen ausl\u00e4ndischen Geheimdienst t\u00e4tig gewesen zu sein (\u00a7 99 Abs. 1 Nr. 1 StGB, auch in Verbindung mit \u00a7 1 Abs. 1 Nr. 4 NTSG).<\/p>\n<p>In dem Haftbefehl wird ihm im Wesentlichen folgender Sachverhalt zur Last gelegt: Sergej K. stand sp\u00e4testens seit Mai 2025 von Deutschland aus fortlaufend in Kontakt zu einem russischen Geheimdienst. Bis zur Festnahme \u00fcbermittelte der Beschuldigte seinem F\u00fchrungsoffizier zahlreiche Informationen unterschiedlicher Art.<\/p>\n<p>Dazu geh\u00f6rten etwa Angaben \u00fcber die milit\u00e4rische Unterst\u00fctzung der Bundesrepublik Deutschland f\u00fcr die Ukraine sowie \u00fcber die deutsche R\u00fcstungs- und Verteidigungsindustrie &#8211; insbesondere zu Unternehmen, die Drohnen und Roboter entwickeln. Des Weiteren leitete Sergej K. wiederholt Fotos von \u00f6ffentlichen Geb\u00e4uden in Berlin oder von milit\u00e4rischen Konvois auf Autobahnen weiter, darunter der Konvoi eines NATO-Staates.<\/p>\n<p>Zudem informierte er seinen Kontaktmann beim Geheimdienst \u00fcber geeignete Sabotageobjekte in Deutschland und bot an, weitere Personen f\u00fcr eine Sabotage- und Spionagetruppe zu rekrutieren.<\/p>\n<p>Sergej K. wird heute (29. April 2026) dem Ermittlungsrichter des Bundesgerichtshofs vorgef\u00fchrt, der ihm den Haftbefehl er\u00f6ffnen und \u00fcber den Vollzug von Untersuchungshaft entscheiden wird.<\/p>\n","protected":false},"excerpt":{"rendered":"<p>Karlsruhe (ots) &#8211; Die Bundesanwaltschaft hat gestern (28. April 2026) aufgrund eines Haftbefehls des Ermittlungsrichters des Bundesgerichtshofs vom 23. April\u00a02026<\/p>\n","protected":false},"author":3,"featured_media":439708,"comment_status":"closed","ping_status":"open","sticky":false,"template":"","format":"standard","meta":{"colormag_page_container_layout":"default_layout","colormag_page_sidebar_layout":"default_layout","footnotes":""},"categories":[20,1527],"tags":[10244],"class_list":["post-458722","post","type-post","status-publish","format-standard","has-post-thumbnail","hentry","category-besondere-neuigkeiten","category-blaulicht","tag-gba-festnahme-wegen-mutmaslicher-geheimdienstlicher-agententatigkeit"],"_links":{"self":[{"href":"https:\/\/hier-luebeck.de\/index.php\/wp-json\/wp\/v2\/posts\/458722","targetHints":{"allow":["GET"]}}],"collection":[{"href":"https:\/\/hier-luebeck.de\/index.php\/wp-json\/wp\/v2\/posts"}],"about":[{"href":"https:\/\/hier-luebeck.de\/index.php\/wp-json\/wp\/v2\/types\/post"}],"author":[{"embeddable":true,"href":"https:\/\/hier-luebeck.de\/index.php\/wp-json\/wp\/v2\/users\/3"}],"replies":[{"embeddable":true,"href":"https:\/\/hier-luebeck.de\/index.php\/wp-json\/wp\/v2\/comments?post=458722"}],"version-history":[{"count":1,"href":"https:\/\/hier-luebeck.de\/index.php\/wp-json\/wp\/v2\/posts\/458722\/revisions"}],"predecessor-version":[{"id":458723,"href":"https:\/\/hier-luebeck.de\/index.php\/wp-json\/wp\/v2\/posts\/458722\/revisions\/458723"}],"wp:featuredmedia":[{"embeddable":true,"href":"https:\/\/hier-luebeck.de\/index.php\/wp-json\/wp\/v2\/media\/439708"}],"wp:attachment":[{"href":"https:\/\/hier-luebeck.de\/index.php\/wp-json\/wp\/v2\/media?parent=458722"}],"wp:term":[{"taxonomy":"category","embeddable":true,"href":"https:\/\/hier-luebeck.de\/index.php\/wp-json\/wp\/v2\/categories?post=458722"},{"taxonomy":"post_tag","embeddable":true,"href":"https:\/\/hier-luebeck.de\/index.php\/wp-json\/wp\/v2\/tags?post=458722"}],"curies":[{"name":"wp","href":"https:\/\/api.w.org\/{rel}","templated":true}]}}