{"id":458728,"date":"2026-04-29T15:26:16","date_gmt":"2026-04-29T13:26:16","guid":{"rendered":"https:\/\/hier-luebeck.de\/?p=458728"},"modified":"2026-04-29T15:26:16","modified_gmt":"2026-04-29T13:26:16","slug":"kundgebungen-in-der-luebecker-innenstadt-14","status":"publish","type":"post","link":"https:\/\/hier-luebeck.de\/index.php\/kundgebungen-in-der-luebecker-innenstadt-14\/","title":{"rendered":"Kundgebungen in der L\u00fcbecker Innenstadt"},"content":{"rendered":"<p>Aufgrund tempor\u00e4rer Stra\u00dfensperrungen kann es zu Verkehrsbehinderungen kommen. F\u00fcr den 1. Mai 2026 wurden bei der Versammlungsbeh\u00f6rde der Hansestadt L\u00fcbeck folgende Demonstrationen angemeldet:<!--more--><strong>Freitag, 1. Mai 2026<\/strong><br \/>\n\u2022 Demonstration, rund 250-300 Teilnehmer versammeln sich von 10.45 bis 14.15 Uhr am Lindenteller und ziehen \u00fcber Holstentorplatz &#8211; Holstenstra\u00dfe \u2013 Sandstra\u00dfe \u2013 Klingenberg \u2013 M\u00fchlenstra\u00dfe \u2013 K\u00f6nigstra\u00dfe \u2013 Wahmstra\u00dfe \u2013 Sch\u00fcsselbuden \u2013 Markt (Zwischenkundgebung) \u2013 Holstenstra\u00dfe \u2013 Holstentor \u2013 Willy-Brandt-Allee zur MuK gegen\u00fcber der Walli und dem Solizentrum (Abschlusskundgebung)<\/p>\n<p>\u2022 Demonstration, rund 650 Teilnehmer versammeln sich von 9.30 bis 13 Uhr auf dem Markt und ziehen \u00fcber Breite Stra\u00dfe \u2013 H\u00fcxstra\u00dfe \u2013 K\u00f6nigstra\u00dfe \u2013 Koberg \u2013 Breite Stra\u00dfe \u2013 Fischergrube \u2013 An der Untertrave \u2013 Holstenbr\u00fccke \u2013 Holstentorplatz \u2013 Puppenbr\u00fccke \u2013 Lindenplatz \u2013 Puppenbr\u00fccke &#8211; Holstentorplatz zur Gr\u00fcnfl\u00e4che am Gewerkschaftshaus (Abschlusskundgebung)<br \/>\nW\u00e4hrend der Demonstrationen ist aufgrund tempor\u00e4rer Stra\u00dfensperrungen mit Verkehrsbehinderungen und Einschr\u00e4nkungen im \u00f6ffentlichen Personennahverkehr zu rechnen. Die Ordnungsbeh\u00f6rden sind vor Ort, um einen st\u00f6rungsfreien Ablauf zu gew\u00e4hrleisten.<\/p>\n","protected":false},"excerpt":{"rendered":"<p>Aufgrund tempor\u00e4rer Stra\u00dfensperrungen kann es zu Verkehrsbehinderungen kommen. F\u00fcr den 1. Mai 2026 wurden bei der Versammlungsbeh\u00f6rde der Hansestadt L\u00fcbeck<\/p>\n","protected":false},"author":3,"featured_media":433817,"comment_status":"closed","ping_status":"open","sticky":false,"template":"","format":"standard","meta":{"colormag_page_container_layout":"default_layout","colormag_page_sidebar_layout":"default_layout","footnotes":""},"categories":[10,13],"tags":[22416],"class_list":["post-458728","post","type-post","status-publish","format-standard","has-post-thumbnail","hentry","category-lubeck-lupe","category-veranstaltungen","tag-kundgebungen-in-der-luebecker-innenstadt"],"_links":{"self":[{"href":"https:\/\/hier-luebeck.de\/index.php\/wp-json\/wp\/v2\/posts\/458728","targetHints":{"allow":["GET"]}}],"collection":[{"href":"https:\/\/hier-luebeck.de\/index.php\/wp-json\/wp\/v2\/posts"}],"about":[{"href":"https:\/\/hier-luebeck.de\/index.php\/wp-json\/wp\/v2\/types\/post"}],"author":[{"embeddable":true,"href":"https:\/\/hier-luebeck.de\/index.php\/wp-json\/wp\/v2\/users\/3"}],"replies":[{"embeddable":true,"href":"https:\/\/hier-luebeck.de\/index.php\/wp-json\/wp\/v2\/comments?post=458728"}],"version-history":[{"count":1,"href":"https:\/\/hier-luebeck.de\/index.php\/wp-json\/wp\/v2\/posts\/458728\/revisions"}],"predecessor-version":[{"id":458729,"href":"https:\/\/hier-luebeck.de\/index.php\/wp-json\/wp\/v2\/posts\/458728\/revisions\/458729"}],"wp:featuredmedia":[{"embeddable":true,"href":"https:\/\/hier-luebeck.de\/index.php\/wp-json\/wp\/v2\/media\/433817"}],"wp:attachment":[{"href":"https:\/\/hier-luebeck.de\/index.php\/wp-json\/wp\/v2\/media?parent=458728"}],"wp:term":[{"taxonomy":"category","embeddable":true,"href":"https:\/\/hier-luebeck.de\/index.php\/wp-json\/wp\/v2\/categories?post=458728"},{"taxonomy":"post_tag","embeddable":true,"href":"https:\/\/hier-luebeck.de\/index.php\/wp-json\/wp\/v2\/tags?post=458728"}],"curies":[{"name":"wp","href":"https:\/\/api.w.org\/{rel}","templated":true}]}}