{"id":458730,"date":"2026-04-29T15:01:31","date_gmt":"2026-04-29T13:01:31","guid":{"rendered":"https:\/\/hier-luebeck.de\/index.php\/pol-se-tornesch-polizei-nimmt-nach-erfolgreicher-fahndung-jugendlichen-straftaeter-fest\/"},"modified":"2026-04-29T15:01:31","modified_gmt":"2026-04-29T13:01:31","slug":"pol-se-tornesch-polizei-nimmt-nach-erfolgreicher-fahndung-jugendlichen-straftaeter-fest","status":"publish","type":"post","link":"https:\/\/hier-luebeck.de\/index.php\/pol-se-tornesch-polizei-nimmt-nach-erfolgreicher-fahndung-jugendlichen-straftaeter-fest\/","title":{"rendered":"POL-SE: Tornesch &#8211; Polizei nimmt nach erfolgreicher Fahndung jugendlichen Straft\u00e4ter fest"},"content":{"rendered":"<p>Tornesch (ots) &#8211; <\/p>\n<p>Am heutigen Morgen kam es zu einer Bedrohung bei einem Tornescher Lebensmittelmarkt. https:\/\/www.presseportal.de\/blaulicht\/pm\/19027\/6265202<\/p>\n<p>Die intensive Fahndungs- und Ermittlungsarbeit war um 14.00 Uhr erfolgreich. Ein 16-j\u00e4hriger Tatverd\u00e4chtiger (deutscher Staatsb\u00fcrger) wurde festgenommen. Die Ermittlungen laufen aktuell.<\/p>\n<p><!--more--><\/p>\n<p>Zuvor war bei Einsichtnahme von Videomaterial des Verbrauchermarktes Beamten aufgefallen, dass sie den Tatverd\u00e4chtigen aus anderen Verfahren kannten. Anschlie\u00dfend wurde die Wohnanschrift des Jugendlichen aufgesucht. Gegen 14.00 Uhr konnte der Tatverd\u00e4chtige dort angetroffen und widerstandslos vorl\u00e4ufig festgenommen werden. Derzeit befindet sich der T\u00e4ter in polizeilichem Gewahrsam.<br \/>\nR\u00fcckfragen bitte an:<\/p>\n<p>Polizeidirektion Bad Segeberg<br \/>\n&#8211; Pressestelle &#8211;<br \/>\nDorfstr. 16-18<br \/>\n23795 Bad Segeberg<\/p>\n<p>Michael Bergmann<br \/>\nTelefon: 04551-884-2020<br \/>\nE-Mail: pressestelle.badsegeberg@polizei.landsh.de<\/p>\n<p>Original-Content von: Polizeidirektion Bad Segeberg, \u00fcbermittelt durch news aktuell<\/p>\n<p>Dieser Beitrag wurde automatisch von Presseportal.de zur Verf\u00fcgung gestellt: https:\/\/www.presseportal.de\/blaulicht\/pm\/19027\/6265545<\/p>\n","protected":false},"excerpt":{"rendered":"<p>Tornesch (ots) &#8211; Am heutigen Morgen kam es zu einer Bedrohung bei einem Tornescher Lebensmittelmarkt. https:\/\/www.presseportal.de\/blaulicht\/pm\/19027\/6265202 Die intensive Fahndungs- und<\/p>\n","protected":false},"author":0,"featured_media":0,"comment_status":"open","ping_status":"open","sticky":false,"template":"","format":"standard","meta":{"colormag_page_container_layout":"default_layout","colormag_page_sidebar_layout":"default_layout","footnotes":""},"categories":[1527],"tags":[],"class_list":["post-458730","post","type-post","status-publish","format-standard","hentry","category-blaulicht"],"_links":{"self":[{"href":"https:\/\/hier-luebeck.de\/index.php\/wp-json\/wp\/v2\/posts\/458730","targetHints":{"allow":["GET"]}}],"collection":[{"href":"https:\/\/hier-luebeck.de\/index.php\/wp-json\/wp\/v2\/posts"}],"about":[{"href":"https:\/\/hier-luebeck.de\/index.php\/wp-json\/wp\/v2\/types\/post"}],"replies":[{"embeddable":true,"href":"https:\/\/hier-luebeck.de\/index.php\/wp-json\/wp\/v2\/comments?post=458730"}],"version-history":[{"count":0,"href":"https:\/\/hier-luebeck.de\/index.php\/wp-json\/wp\/v2\/posts\/458730\/revisions"}],"wp:attachment":[{"href":"https:\/\/hier-luebeck.de\/index.php\/wp-json\/wp\/v2\/media?parent=458730"}],"wp:term":[{"taxonomy":"category","embeddable":true,"href":"https:\/\/hier-luebeck.de\/index.php\/wp-json\/wp\/v2\/categories?post=458730"},{"taxonomy":"post_tag","embeddable":true,"href":"https:\/\/hier-luebeck.de\/index.php\/wp-json\/wp\/v2\/tags?post=458730"}],"curies":[{"name":"wp","href":"https:\/\/api.w.org\/{rel}","templated":true}]}}