{"id":458736,"date":"2026-04-29T11:30:25","date_gmt":"2026-04-29T09:30:25","guid":{"rendered":"https:\/\/hier-luebeck.de\/index.php\/pol-se-tornesch-polizei-fahndet-nach-straftaeter-mit-schusswaffe\/"},"modified":"2026-04-29T11:30:25","modified_gmt":"2026-04-29T09:30:25","slug":"pol-se-tornesch-polizei-fahndet-nach-straftaeter-mit-schusswaffe","status":"publish","type":"post","link":"https:\/\/hier-luebeck.de\/index.php\/pol-se-tornesch-polizei-fahndet-nach-straftaeter-mit-schusswaffe\/","title":{"rendered":"POL-SE: Tornesch &#8211; Polizei fahndet nach Straft\u00e4ter mit Schusswaffe"},"content":{"rendered":"<p>Tornesch (ots) &#8211; <\/p>\n<p>Aktuell kommt es in Tornesch zu einem gr\u00f6\u00dferen Polizeieinsatz, nachdem eine Person mit jugendlichem Erscheinungsbild um 9:42 Uhr einen Mitarbeiter eines Lebensmittelmarktes mit einer silberfarbenen Schusswaffe bedroht haben soll. Der junge Mann soll auch mindestens in einem Fall in die Luft geschossen haben. Vor Ort wurde Schreckschussmunition aufgefunden, sodass aktuell von keiner konkreten Gef\u00e4hrdung ausgegangen wird. <\/p>\n<p>Der Tatverd\u00e4chtige ist derzeit im Umfeld der Esinger Stra\u00dfe fl\u00fcchtig.<\/p>\n<p><!--more--><\/p>\n<p>Die polizeiliche Nahbereichsfahndung l\u00e4uft. <\/p>\n<p>In diesem Zusammenhang wurde eine im Nahbereich befindliche Schule pr\u00e4ventiv durchsucht. Die gesuchte Person wurde nicht angetroffen. <\/p>\n<p>Derzeit laufen Suchma\u00dfnahmen im gesamten Stadtgebiet. Mit einem gr\u00f6\u00dferen Polizeiaufgebot und zeitweiligen Beeintr\u00e4chtigungen ist zu rechnen. <\/p>\n<p>Die Person wird wie folgt beschrieben: ca. 16-18 Jahre alt, 175 cm gro\u00df, bekleidet mit schwarzem Pullover, schwarzer Hose und grauen Sportschuhen. Weiterhin soll der junge Mann dunkles, lockiges Haar haben. Eine mobile Pressestelle der Polizei ist vor Ort und im Bereich Esinger Stra\u00dfe 3\/Bahnhofsvorplatz ansprechbar. Zeugen, die die beschriebene Person gesehen haben oder sonst Hinweise geben k\u00f6nnen, werden um Mitteilung unter der Rufnummer 04101-202-0 gebeten. <\/p>\n<p>R\u00fcckfragen bitte an:<\/p>\n<p>Polizeidirektion Bad Segeberg<br \/>\n&#8211; Pressestelle &#8211;<br \/>\nDorfstr. 16-18<br \/>\n23795 Bad Segeberg<\/p>\n<p>Michael Bergmann<br \/>\nTelefon: 04551-884-2020<br \/>\nE-Mail: pressestelle.badsegeberg@polizei.landsh.de<\/p>\n<p>Original-Content von: Polizeidirektion Bad Segeberg, \u00fcbermittelt durch news aktuell<\/p>\n<p>Dieser Beitrag wurde automatisch von Presseportal.de zur Verf\u00fcgung gestellt: https:\/\/www.presseportal.de\/blaulicht\/pm\/19027\/6265202<\/p>\n","protected":false},"excerpt":{"rendered":"<p>Tornesch (ots) &#8211; Aktuell kommt es in Tornesch zu einem gr\u00f6\u00dferen Polizeieinsatz, nachdem eine Person mit jugendlichem Erscheinungsbild um 9:42<\/p>\n","protected":false},"author":0,"featured_media":0,"comment_status":"open","ping_status":"open","sticky":false,"template":"","format":"standard","meta":{"colormag_page_container_layout":"default_layout","colormag_page_sidebar_layout":"default_layout","footnotes":""},"categories":[1527],"tags":[],"class_list":["post-458736","post","type-post","status-publish","format-standard","hentry","category-blaulicht"],"_links":{"self":[{"href":"https:\/\/hier-luebeck.de\/index.php\/wp-json\/wp\/v2\/posts\/458736","targetHints":{"allow":["GET"]}}],"collection":[{"href":"https:\/\/hier-luebeck.de\/index.php\/wp-json\/wp\/v2\/posts"}],"about":[{"href":"https:\/\/hier-luebeck.de\/index.php\/wp-json\/wp\/v2\/types\/post"}],"replies":[{"embeddable":true,"href":"https:\/\/hier-luebeck.de\/index.php\/wp-json\/wp\/v2\/comments?post=458736"}],"version-history":[{"count":0,"href":"https:\/\/hier-luebeck.de\/index.php\/wp-json\/wp\/v2\/posts\/458736\/revisions"}],"wp:attachment":[{"href":"https:\/\/hier-luebeck.de\/index.php\/wp-json\/wp\/v2\/media?parent=458736"}],"wp:term":[{"taxonomy":"category","embeddable":true,"href":"https:\/\/hier-luebeck.de\/index.php\/wp-json\/wp\/v2\/categories?post=458736"},{"taxonomy":"post_tag","embeddable":true,"href":"https:\/\/hier-luebeck.de\/index.php\/wp-json\/wp\/v2\/tags?post=458736"}],"curies":[{"name":"wp","href":"https:\/\/api.w.org\/{rel}","templated":true}]}}