{"id":458739,"date":"2026-04-29T08:49:40","date_gmt":"2026-04-29T06:49:40","guid":{"rendered":"https:\/\/hier-luebeck.de\/index.php\/pol-rz-unfall-im-kreuzungsbereich-mit-einer-vielzahl-von-verletzten\/"},"modified":"2026-04-29T08:49:40","modified_gmt":"2026-04-29T06:49:40","slug":"pol-rz-unfall-im-kreuzungsbereich-mit-einer-vielzahl-von-verletzten","status":"publish","type":"post","link":"https:\/\/hier-luebeck.de\/index.php\/pol-rz-unfall-im-kreuzungsbereich-mit-einer-vielzahl-von-verletzten\/","title":{"rendered":"POL-RZ: Unfall im Kreuzungsbereich mit einer Vielzahl von Verletzten"},"content":{"rendered":"<p>Ratzeburg (ots) &#8211; <\/p>\n<p>29.04.2026 | Kreis Stormarn  | 28.04.2026  &#8211; Braak<\/p>\n<p>Gestern Abend ist es im Kreuzungsbereich H\u00f6henkamp \/ An der Chaussee in Braak zu einem Verkehrsunfall gekommen. Dabei wurden sechs Personen verletzt.<br \/>\nNach derzeitigen Erkenntnissen sei ein 36-j\u00e4hriger deutscher Skoda-Fahrer am 28.04.2026 gegen 18:00 Uhr von einem Tankstellengel\u00e4nde nach links auf die Stra\u00dfe H\u00f6henkamp in Fahrtrichtung Braaker M\u00fchle eingebogen. Daf\u00fcr habe er zun\u00e4chst den Fahrstreifen nach Stapelfeld \u00fcberquert.<\/p>\n<p><!--more--><\/p>\n<p>Anschlie\u00dfend sei es zu einem Zusammensto\u00df mit einem herannahenden BMW gekommen, welcher die noch f\u00fcr den Skoda-Fahrer zu \u00fcberquerende Linksabbiegespur befuhr. Nach dem Aufprall sei der BMW anschlie\u00dfend in zwei an der Ampelanlage wartende Fahrzeuge, einen Mercedes sowie einen VW Golf, geschleudert worden.<br \/>\nDer Skoda-Fahrer sowie der 78-j\u00e4hrige Mercedes-Fahrer, beide aus dem Kreis Stormarn stammend, verletzten sich leicht. Auch ein 5-j\u00e4hriger Junge im unfallbeteiligten Golf trug leichte Verletzungen davon. Der 47-j\u00e4hrige Fahrer des BMW aus Hamburg sowie sein 36-j\u00e4hriger Mitfahrer wurden ebenfalls leicht verletzt. Ein weiterer 24-j\u00e4hriger Fahrzeuginsasse im BMW zog sich schwere Verletzungen zu und wurde umgehend in ein Krankenhaus eingeliefert. Der Gesamtsachschaden wird auf ca. 26.000 Euro gesch\u00e4tzt.<br \/>\nR\u00fcckfragen bitte an:<\/p>\n<p>Polizeidirektion Ratzeburg<br \/>\n&#8211; Stabsstelle \/ Presse &#8211;<br \/>\nSandra Kilian<br \/>\nTelefon: 04541\/809-2011<br \/>\nE-Mail: Presse.Ratzeburg.PD@polizei.landsh.de<\/p>\n<p>Original-Content von: Polizeidirektion Ratzeburg, \u00fcbermittelt durch news aktuell<\/p>\n<p>Dieser Beitrag wurde automatisch von Presseportal.de zur Verf\u00fcgung gestellt: https:\/\/www.presseportal.de\/blaulicht\/pm\/43735\/6264897<\/p>\n","protected":false},"excerpt":{"rendered":"<p>Ratzeburg (ots) &#8211; 29.04.2026 | Kreis Stormarn | 28.04.2026 &#8211; Braak Gestern Abend ist es im Kreuzungsbereich H\u00f6henkamp \/ An<\/p>\n","protected":false},"author":0,"featured_media":0,"comment_status":"open","ping_status":"open","sticky":false,"template":"","format":"standard","meta":{"colormag_page_container_layout":"default_layout","colormag_page_sidebar_layout":"default_layout","footnotes":""},"categories":[1527],"tags":[],"class_list":["post-458739","post","type-post","status-publish","format-standard","hentry","category-blaulicht"],"_links":{"self":[{"href":"https:\/\/hier-luebeck.de\/index.php\/wp-json\/wp\/v2\/posts\/458739","targetHints":{"allow":["GET"]}}],"collection":[{"href":"https:\/\/hier-luebeck.de\/index.php\/wp-json\/wp\/v2\/posts"}],"about":[{"href":"https:\/\/hier-luebeck.de\/index.php\/wp-json\/wp\/v2\/types\/post"}],"replies":[{"embeddable":true,"href":"https:\/\/hier-luebeck.de\/index.php\/wp-json\/wp\/v2\/comments?post=458739"}],"version-history":[{"count":0,"href":"https:\/\/hier-luebeck.de\/index.php\/wp-json\/wp\/v2\/posts\/458739\/revisions"}],"wp:attachment":[{"href":"https:\/\/hier-luebeck.de\/index.php\/wp-json\/wp\/v2\/media?parent=458739"}],"wp:term":[{"taxonomy":"category","embeddable":true,"href":"https:\/\/hier-luebeck.de\/index.php\/wp-json\/wp\/v2\/categories?post=458739"},{"taxonomy":"post_tag","embeddable":true,"href":"https:\/\/hier-luebeck.de\/index.php\/wp-json\/wp\/v2\/tags?post=458739"}],"curies":[{"name":"wp","href":"https:\/\/api.w.org\/{rel}","templated":true}]}}