{"id":458751,"date":"2026-04-30T14:45:16","date_gmt":"2026-04-30T12:45:16","guid":{"rendered":"https:\/\/hier-luebeck.de\/?p=458751"},"modified":"2026-04-30T14:45:16","modified_gmt":"2026-04-30T12:45:16","slug":"erst-unsere-jobs-dann-eure-profite-dgb-luebeck-ruft-zum-1-mai-auf","status":"publish","type":"post","link":"https:\/\/hier-luebeck.de\/index.php\/erst-unsere-jobs-dann-eure-profite-dgb-luebeck-ruft-zum-1-mai-auf\/","title":{"rendered":"\u201eErst unsere Jobs \u2013 dann eure Profite!\u201c DGB L\u00fcbeck ruft zum 1. Mai auf"},"content":{"rendered":"<p>Zum Tag der Arbeit am 1. Mai ruft der Deutsche Gewerkschaftsbund (DGB) in L\u00fcbeck zur Teilnahme an Demonstration, Kundgebung und anschlie\u00dfendem Maifest auf.<!--more--><\/p>\n<p>Der Demonstrationszug startet um <strong>10:00 Uhr auf dem Markt<\/strong>, die <strong>Kundgebung beginnt gegen 11:00 Uhr am Gewerkschaftshaus<\/strong>.<\/p>\n<p>Die Mairede h\u00e4lt <strong>Franziska Hense, Landesvorsitzende der GEW Schleswig-Holstein<\/strong>.<\/p>\n<p>Im Anschluss l\u00e4dt der DGB zum Maifest mit zahlreichen bunten Info- und Aktionsst\u00e4nden rund um das Gewerkschaftshaus ein.<\/p>\n<p>DGB-Regionsgesch\u00e4ftsf\u00fchrerin Melanie Meyer, erkl\u00e4rt:<br \/>\n\u201eDer 1. Mai ist unser Tag \u2013 ein Tag, an dem wir gemeinsam f\u00fcr gute Arbeit, faire L\u00f6hne und soziale Sicherheit auf die Stra\u00dfe gehen. Gerade jetzt ist es wichtiger denn je, sichtbar und laut zu sein.\u201c<\/p>\n<p>Der diesj\u00e4hrige 1. Mai steht unter dem Motto <strong>\u201eErst unsere Jobs \u2013 dann eure Profite!\u201c<\/strong>.<\/p>\n<p>Hintergrund ist die zunehmende Verunsicherung vieler Besch\u00e4ftigter: Arbeitspl\u00e4tze geraten unter Druck, Standorte werden verlagert und soziale Sicherheit wird infrage gestellt.<\/p>\n<p>Gleichzeitig steigen Anforderungen und Belastungen, w\u00e4hrend viele Menschen mit steigenden Lebenshaltungskosten k\u00e4mpfen.<\/p>\n<p>\u201eWir sagen klar: Die Interessen der Besch\u00e4ftigten m\u00fcssen an erster Stelle stehen. Wer arbeitet und den Laden am Laufen h\u00e4lt, hat Respekt, Sicherheit und gute Perspektiven verdient \u2013 nicht immer neue Zumutungen\u201c, so Meyer.<\/p>\n<p>Die L\u00fcbecker Gewerkschaften rufen alle Besch\u00e4ftigten, Auszubildenden, Studierenden, Rentner:innen und Familien auf, sich an den Veranstaltungen zu beteiligen.<\/p>\n<p><strong>Gemeinsam setzen wir Zeichen \u2013 solidarisch, k\u00e4mpferisch und entschlossen.<\/strong><\/p>\n","protected":false},"excerpt":{"rendered":"<p>Zum Tag der Arbeit am 1. Mai ruft der Deutsche Gewerkschaftsbund (DGB) in L\u00fcbeck zur Teilnahme an Demonstration, Kundgebung und<\/p>\n","protected":false},"author":4994,"featured_media":458752,"comment_status":"open","ping_status":"open","sticky":false,"template":"","format":"standard","meta":{"colormag_page_container_layout":"default_layout","colormag_page_sidebar_layout":"default_layout","footnotes":""},"categories":[5],"tags":[28057],"class_list":["post-458751","post","type-post","status-publish","format-standard","has-post-thumbnail","hentry","category-politik-wirtschaft","tag-erst-unsere-jobs-dann-eure-profite-dgb-luebeck-ruft-zum-1-mai-auf"],"_links":{"self":[{"href":"https:\/\/hier-luebeck.de\/index.php\/wp-json\/wp\/v2\/posts\/458751","targetHints":{"allow":["GET"]}}],"collection":[{"href":"https:\/\/hier-luebeck.de\/index.php\/wp-json\/wp\/v2\/posts"}],"about":[{"href":"https:\/\/hier-luebeck.de\/index.php\/wp-json\/wp\/v2\/types\/post"}],"author":[{"embeddable":true,"href":"https:\/\/hier-luebeck.de\/index.php\/wp-json\/wp\/v2\/users\/4994"}],"replies":[{"embeddable":true,"href":"https:\/\/hier-luebeck.de\/index.php\/wp-json\/wp\/v2\/comments?post=458751"}],"version-history":[{"count":1,"href":"https:\/\/hier-luebeck.de\/index.php\/wp-json\/wp\/v2\/posts\/458751\/revisions"}],"predecessor-version":[{"id":458753,"href":"https:\/\/hier-luebeck.de\/index.php\/wp-json\/wp\/v2\/posts\/458751\/revisions\/458753"}],"wp:featuredmedia":[{"embeddable":true,"href":"https:\/\/hier-luebeck.de\/index.php\/wp-json\/wp\/v2\/media\/458752"}],"wp:attachment":[{"href":"https:\/\/hier-luebeck.de\/index.php\/wp-json\/wp\/v2\/media?parent=458751"}],"wp:term":[{"taxonomy":"category","embeddable":true,"href":"https:\/\/hier-luebeck.de\/index.php\/wp-json\/wp\/v2\/categories?post=458751"},{"taxonomy":"post_tag","embeddable":true,"href":"https:\/\/hier-luebeck.de\/index.php\/wp-json\/wp\/v2\/tags?post=458751"}],"curies":[{"name":"wp","href":"https:\/\/api.w.org\/{rel}","templated":true}]}}