{"id":458755,"date":"2026-04-30T17:44:36","date_gmt":"2026-04-30T15:44:36","guid":{"rendered":"https:\/\/hier-luebeck.de\/?p=458755"},"modified":"2026-04-30T17:44:36","modified_gmt":"2026-04-30T15:44:36","slug":"ausbildungklarmachen-werde-die-fachkraft-die-alle-suchen-2","status":"publish","type":"post","link":"https:\/\/hier-luebeck.de\/index.php\/ausbildungklarmachen-werde-die-fachkraft-die-alle-suchen-2\/","title":{"rendered":"#AusbildungKlarmachen \u2013 Werde die Fachkraft, die alle suchen!"},"content":{"rendered":"<p>Arbeitsagentur informiert auf der Orientierungsschau Berufe am 06. und 07. Mai 2026.<\/p>\n<p>Vielen jungen Menschen ist gar nicht bewusst, dass die neueste Technik auch in vermeintlich \u201eangestaubten\u201c Berufen angekommen ist. Das gilt beispielsweise f\u00fcr Dachdecker*innen, die mithilfe einer Drohne den Zustand eines Daches einsch\u00e4tzen, f\u00fcr Kfz-Mechatroniker*innen, die Elektroautos reparieren oder Elektroniker*innen, die Smart-Home-Ger\u00e4te installieren und zum Thema Nachhaltigkeit beraten.<!--more--><\/p>\n<p>\u201eDie Orientierungsschau Berufe bietet Jugendlichen eine tolle M\u00f6glichkeit, die Vielfallt an Berufen und Aufstiegsm\u00f6glichkeiten zu entdecken. 53 Prozent der M\u00e4dchen und 44 Prozent der Jungen konzentrieren sich auf nur zehn Berufe und bleiben dabei oft in geschlechtertypischen Ausbildungsg\u00e4ngen\u201c, erkl\u00e4rt Markus Dusch, Chef der Arbeitsagentur L\u00fcbeck. \u201eDie Berufsberatung zeigt dir gerne, welche unterschiedlichen Berufe zu deinen St\u00e4rken passen und unterst\u00fctzt dich bei Bedarf von der Bewerbung, \u00fcber die Ausbildungssuche bis zum Abschluss. Wenn du dich umfassend und fr\u00fchzeitig informierst, kannst du eine gute Berufsentscheidung treffen. Nutze diese Gelegenheit bei der Orientierungsschau Berufe\u201c, l\u00e4dt Dusch Jugendliche ein.<\/p>\n<p>Am Stand der Agentur f\u00fcr Arbeit L\u00fcbeck k\u00f6nnen Jugendliche Berufsfragen kl\u00e4ren. Stationen machen Praktikums- und Ausbildungsm\u00f6glichkeiten erlebbar und mit einer VR-Brille gibt es besondere Einblicke in \u00fcber 150 verschiedene Ausbildungsberufe. Was viele oft nicht wissen, die Agentur f\u00fcr Arbeit bildet auch aus. Am Messestand gibt es Informationen zur Ausbildung und zum dualen Studium.<\/p>\n<p>Die Orientierungsschau Berufe in und um St. Petri hat am 06. und 07. Mai 2026, von 09:00 bis 13:00 Uhr f\u00fcr Jugendliche, Eltern und Lehrerkr\u00e4fte ge\u00f6ffnet.<\/p>\n<p>Bild: Agentur f\u00fcr Arbeit<\/p>\n","protected":false},"excerpt":{"rendered":"<p>Arbeitsagentur informiert auf der Orientierungsschau Berufe am 06. und 07. Mai 2026. Vielen jungen Menschen ist gar nicht bewusst, dass<\/p>\n","protected":false},"author":4994,"featured_media":458787,"comment_status":"open","ping_status":"open","sticky":false,"template":"","format":"standard","meta":{"colormag_page_container_layout":"default_layout","colormag_page_sidebar_layout":"default_layout","footnotes":""},"categories":[14,13],"tags":[25603,25604],"class_list":["post-458755","post","type-post","status-publish","format-standard","has-post-thumbnail","hentry","category-tipps-informationen","category-veranstaltungen","tag-ausbildungklarmachen-werde-die-fachkraft","tag-die-alle-suchen"],"_links":{"self":[{"href":"https:\/\/hier-luebeck.de\/index.php\/wp-json\/wp\/v2\/posts\/458755","targetHints":{"allow":["GET"]}}],"collection":[{"href":"https:\/\/hier-luebeck.de\/index.php\/wp-json\/wp\/v2\/posts"}],"about":[{"href":"https:\/\/hier-luebeck.de\/index.php\/wp-json\/wp\/v2\/types\/post"}],"author":[{"embeddable":true,"href":"https:\/\/hier-luebeck.de\/index.php\/wp-json\/wp\/v2\/users\/4994"}],"replies":[{"embeddable":true,"href":"https:\/\/hier-luebeck.de\/index.php\/wp-json\/wp\/v2\/comments?post=458755"}],"version-history":[{"count":1,"href":"https:\/\/hier-luebeck.de\/index.php\/wp-json\/wp\/v2\/posts\/458755\/revisions"}],"predecessor-version":[{"id":458788,"href":"https:\/\/hier-luebeck.de\/index.php\/wp-json\/wp\/v2\/posts\/458755\/revisions\/458788"}],"wp:featuredmedia":[{"embeddable":true,"href":"https:\/\/hier-luebeck.de\/index.php\/wp-json\/wp\/v2\/media\/458787"}],"wp:attachment":[{"href":"https:\/\/hier-luebeck.de\/index.php\/wp-json\/wp\/v2\/media?parent=458755"}],"wp:term":[{"taxonomy":"category","embeddable":true,"href":"https:\/\/hier-luebeck.de\/index.php\/wp-json\/wp\/v2\/categories?post=458755"},{"taxonomy":"post_tag","embeddable":true,"href":"https:\/\/hier-luebeck.de\/index.php\/wp-json\/wp\/v2\/tags?post=458755"}],"curies":[{"name":"wp","href":"https:\/\/api.w.org\/{rel}","templated":true}]}}