{"id":458763,"date":"2026-04-30T15:34:40","date_gmt":"2026-04-30T13:34:40","guid":{"rendered":"https:\/\/hier-luebeck.de\/?p=458763"},"modified":"2026-04-30T15:34:40","modified_gmt":"2026-04-30T13:34:40","slug":"neue-schockzahlen-gesuchte-gewaltverbrecher-fast-nur-noch-auslaender","status":"publish","type":"post","link":"https:\/\/hier-luebeck.de\/index.php\/neue-schockzahlen-gesuchte-gewaltverbrecher-fast-nur-noch-auslaender\/","title":{"rendered":"Neue Schockzahlen: Gesuchte Gewaltverbrecher fast nur noch Ausl\u00e4nder"},"content":{"rendered":"<p><span class=\"translatable-message\">Neue Zahlen aus Mecklenburg-Vorpommern sorgen aktuell f\u00fcr Aufsehen im Netz: Von 1.497 per Haftbefehl gesuchten Personen besitzen 1.134 keinen deutschen Pass. Noch drastischer f\u00e4llt die Lage bei Gewaltstraftaten aus:<\/span><!--more--><span class=\"translatable-message\">\u00a0Von 83 gesuchten Verd\u00e4chtigen sind 74 Ausl\u00e4nder \u2013 das entspricht fast 90 Prozent. Laut Antwort der Landesregierung auf eine Anfrage der AfD stellen Polen mit 364 Personen die gr\u00f6\u00dfte Gruppe unter den per Haftbefehl gesuchten Ausl\u00e4ndern. Es folgen 107 Georgier, 75 Rum\u00e4nen, 68 Ukrainer und 58 Tunesier.<\/p>\n<p>Auch bei den Gewaltstraftaten dominieren Nichtdeutsche deutlich: Hier werden vor allem Tunesier, Polen, Marokkaner und Russen genannt. <strong><img decoding=\"async\" class=\"emoji emoji-image\" src=\"https:\/\/web.telegram.org\/k\/assets\/img\/emoji\/1f449-1f3fb.png\" alt=\"&#x1f449;&#x1f3fb;\" \/> Quelle: <\/strong><a class=\"mention\" href=\"https:\/\/t.me\/auf1tv\"><strong>@auf1tv<\/strong><\/a><\/span><\/p>\n","protected":false},"excerpt":{"rendered":"<p>Neue Zahlen aus Mecklenburg-Vorpommern sorgen aktuell f\u00fcr Aufsehen im Netz: Von 1.497 per Haftbefehl gesuchten Personen besitzen 1.134 keinen deutschen<\/p>\n","protected":false},"author":3,"featured_media":458764,"comment_status":"closed","ping_status":"open","sticky":false,"template":"","format":"standard","meta":{"colormag_page_container_layout":"default_layout","colormag_page_sidebar_layout":"default_layout","footnotes":""},"categories":[20,15,11,5],"tags":[28060],"class_list":["post-458763","post","type-post","status-publish","format-standard","has-post-thumbnail","hentry","category-besondere-neuigkeiten","category-kultur","category-menschlich-gesehen","category-politik-wirtschaft","tag-neue-schockzahlen-gesuchte-gewaltverbrecher-fast-nur-noch-auslaender"],"_links":{"self":[{"href":"https:\/\/hier-luebeck.de\/index.php\/wp-json\/wp\/v2\/posts\/458763","targetHints":{"allow":["GET"]}}],"collection":[{"href":"https:\/\/hier-luebeck.de\/index.php\/wp-json\/wp\/v2\/posts"}],"about":[{"href":"https:\/\/hier-luebeck.de\/index.php\/wp-json\/wp\/v2\/types\/post"}],"author":[{"embeddable":true,"href":"https:\/\/hier-luebeck.de\/index.php\/wp-json\/wp\/v2\/users\/3"}],"replies":[{"embeddable":true,"href":"https:\/\/hier-luebeck.de\/index.php\/wp-json\/wp\/v2\/comments?post=458763"}],"version-history":[{"count":1,"href":"https:\/\/hier-luebeck.de\/index.php\/wp-json\/wp\/v2\/posts\/458763\/revisions"}],"predecessor-version":[{"id":458765,"href":"https:\/\/hier-luebeck.de\/index.php\/wp-json\/wp\/v2\/posts\/458763\/revisions\/458765"}],"wp:featuredmedia":[{"embeddable":true,"href":"https:\/\/hier-luebeck.de\/index.php\/wp-json\/wp\/v2\/media\/458764"}],"wp:attachment":[{"href":"https:\/\/hier-luebeck.de\/index.php\/wp-json\/wp\/v2\/media?parent=458763"}],"wp:term":[{"taxonomy":"category","embeddable":true,"href":"https:\/\/hier-luebeck.de\/index.php\/wp-json\/wp\/v2\/categories?post=458763"},{"taxonomy":"post_tag","embeddable":true,"href":"https:\/\/hier-luebeck.de\/index.php\/wp-json\/wp\/v2\/tags?post=458763"}],"curies":[{"name":"wp","href":"https:\/\/api.w.org\/{rel}","templated":true}]}}