{"id":458773,"date":"2026-04-30T15:18:20","date_gmt":"2026-04-30T13:18:20","guid":{"rendered":"https:\/\/hier-luebeck.de\/index.php\/pol-hl-hl-eichholz-zeugen-gesucht-frau-von-mehreren-maennern-beleidigt-und-verletzt\/"},"modified":"2026-04-30T15:18:20","modified_gmt":"2026-04-30T13:18:20","slug":"pol-hl-hl-eichholz-zeugen-gesucht-frau-von-mehreren-maennern-beleidigt-und-verletzt","status":"publish","type":"post","link":"https:\/\/hier-luebeck.de\/index.php\/pol-hl-hl-eichholz-zeugen-gesucht-frau-von-mehreren-maennern-beleidigt-und-verletzt\/","title":{"rendered":"POL-HL: HL-Eichholz \/ Zeugen gesucht &#8211; Frau von mehreren M\u00e4nnern beleidigt und verletzt"},"content":{"rendered":"<p>L\u00fcbeck (ots) &#8211; <\/p>\n<p>Am Montagabend (27.04.2026) kam es zu einem k\u00f6rperlichen \u00dcbergriff auf eine Spazierg\u00e4ngerin durch mehrere M\u00e4nner in L\u00fcbeck Eichholz. Sie wurde verletzt und konnte fl\u00fcchten. Die Polizei sucht nach Zeugen.<br \/>\nGegen 20.30 Uhr befand sich eine 31-j\u00e4hrige Frau zum Spaziergang mit ihrem Hund im Bereich eines Trampelpfades zwischen der Brandenbaumer Landstra\u00dfe und dem Wakenitzwanderweg in der N\u00e4he der Stra\u00dfe Am Distelberg.<\/p>\n<p><!--more--><\/p>\n<p>Ihren Angaben zufolge sei sie dort von vier ihr unbekannten M\u00e4nnern beleidigt und anschlie\u00dfend geschlagen sowie getreten worden. Sie erlitt leichte Verletzungen und konnte sich eigenst\u00e4ndig vom Tatort entfernen.<br \/>\nBei den T\u00e4tern soll es sich nach Wahrnehmung der Frau um vier M\u00e4nner mit s\u00fcdl\u00e4ndischem Erscheinungsbild in einem Alter von 25 bis 30 Jahren handeln. Diese h\u00e4tten dunkle Kleidung getragen, die Frau selbst war mit einer auff\u00e4lligen gelben Regenjacke bekleidet.<br \/>\nDas Kommissariat 5 in L\u00fcbeck hat die Ermittlungen wegen des Verdachts einer Beleidigung sowie gef\u00e4hrlichen K\u00f6rperverletzung aufgenommen. Personen, die sich am Montagabend im Bereich des Tatorts aufgehalten und die Frau oder die T\u00e4ter dort wahrgenommen haben, werden gebeten, sich telefonisch unter 0451 131-0 oder per E-Mail unter k5.luebeck.bki@polizei.landsh.de bei der Polizei zu melden.<br \/>\nR\u00fcckfragen bitte an:<\/p>\n<p>Polizeidirektion L\u00fcbeck<br \/>\nMalwine Stolzenwald &#8211; Pressesprecherin<br \/>\nPolizeidirektion L\u00fcbeck Pressestelle<br \/>\nTelefon: 0451-131-2015<br \/>\nFax: 0451-131-2019<br \/>\nE-Mail: pressestelle.luebeck.pd@polizei.landsh.de<\/p>\n<p>Original-Content von: Polizeidirektion L\u00fcbeck, \u00fcbermittelt durch news aktuell<\/p>\n<p>Dieser Beitrag wurde automatisch von Presseportal.de zur Verf\u00fcgung gestellt: https:\/\/www.presseportal.de\/blaulicht\/pm\/43738\/6266457<\/p>\n","protected":false},"excerpt":{"rendered":"<p>L\u00fcbeck (ots) &#8211; Am Montagabend (27.04.2026) kam es zu einem k\u00f6rperlichen \u00dcbergriff auf eine Spazierg\u00e4ngerin durch mehrere M\u00e4nner in L\u00fcbeck<\/p>\n","protected":false},"author":0,"featured_media":0,"comment_status":"open","ping_status":"open","sticky":false,"template":"","format":"standard","meta":{"colormag_page_container_layout":"default_layout","colormag_page_sidebar_layout":"default_layout","footnotes":""},"categories":[1527],"tags":[],"class_list":["post-458773","post","type-post","status-publish","format-standard","hentry","category-blaulicht"],"_links":{"self":[{"href":"https:\/\/hier-luebeck.de\/index.php\/wp-json\/wp\/v2\/posts\/458773","targetHints":{"allow":["GET"]}}],"collection":[{"href":"https:\/\/hier-luebeck.de\/index.php\/wp-json\/wp\/v2\/posts"}],"about":[{"href":"https:\/\/hier-luebeck.de\/index.php\/wp-json\/wp\/v2\/types\/post"}],"replies":[{"embeddable":true,"href":"https:\/\/hier-luebeck.de\/index.php\/wp-json\/wp\/v2\/comments?post=458773"}],"version-history":[{"count":0,"href":"https:\/\/hier-luebeck.de\/index.php\/wp-json\/wp\/v2\/posts\/458773\/revisions"}],"wp:attachment":[{"href":"https:\/\/hier-luebeck.de\/index.php\/wp-json\/wp\/v2\/media?parent=458773"}],"wp:term":[{"taxonomy":"category","embeddable":true,"href":"https:\/\/hier-luebeck.de\/index.php\/wp-json\/wp\/v2\/categories?post=458773"},{"taxonomy":"post_tag","embeddable":true,"href":"https:\/\/hier-luebeck.de\/index.php\/wp-json\/wp\/v2\/tags?post=458773"}],"curies":[{"name":"wp","href":"https:\/\/api.w.org\/{rel}","templated":true}]}}