{"id":458775,"date":"2026-04-30T11:52:08","date_gmt":"2026-04-30T09:52:08","guid":{"rendered":"https:\/\/hier-luebeck.de\/index.php\/pol-se-rellingen-polizeistreife-stellt-zwei-straftaeter-nach-illegaler-muellentsorgung\/"},"modified":"2026-04-30T16:58:05","modified_gmt":"2026-04-30T14:58:05","slug":"pol-se-rellingen-polizeistreife-stellt-zwei-straftaeter-nach-illegaler-muellentsorgung","status":"publish","type":"post","link":"https:\/\/hier-luebeck.de\/index.php\/pol-se-rellingen-polizeistreife-stellt-zwei-straftaeter-nach-illegaler-muellentsorgung\/","title":{"rendered":"POL-SE: Rellingen &#8211; Polizeistreife stellt zwei Straft\u00e4ter nach illegaler M\u00fcllentsorgung"},"content":{"rendered":"<p>Rellingen (ots) &#8211; Am 29.04.2026 (Mittwoch) ist es gegen 22.00 Uhr zu einer illegalen M\u00fcllentsorgung in der Stra\u00dfe An der Blockh\u00fctte gekommen. Ein Zeuge alarmierte die Polizei. Die Einsatzkr\u00e4fte konnten die T\u00e4ter noch in Tatortn\u00e4he antreffen.<!--more-->Einem Zeugen fielen Lichter am Tatort auf und er begab sich zu der Stelle.\u00a0Dort bemerkte er einen Transporter mit Pinneberger Kennzeichen und eine gr\u00f6\u00dfere Menge M\u00fcll hinter dem Fahrzeug, der dort wenige Stunden zuvor noch nicht gelegen hatte. Der Mann notierte sich das Kennzeichen und alarmierte \u00fcber Notruf die Polizei.<\/p>\n<p>Die eingesetzten Beamten konnten das Fahrzeug und die zwei Insassen noch in Tatortn\u00e4he antreffen und kontrollieren. Die Tat wurde durch die beiden M\u00e4nner (griechische Staatsb\u00fcrger im Alter von 39 und 19 Jahren) gegen\u00fcber den Beamten einger\u00e4umt. Nach deren Angaben sollte es sich ausschlie\u00dflich um Haushaltsm\u00fcll handeln.<\/p>\n<p>Die Einsatzkr\u00e4fte nahmen dann den M\u00fcllberg in Augenschein. Es wurden neben Elektronikger\u00e4ten und Baumaterialien auch Farben und Lacke gefunden.<br \/>\nDie beiden Beschuldigten werden sich nun in einem Strafverfahren wegen des Verdachts des unerlaubten Umgangs mit Abf\u00e4llen verantworten m\u00fcssen.<\/p>\n","protected":false},"excerpt":{"rendered":"<p>Rellingen (ots) &#8211; Am 29.04.2026 (Mittwoch) ist es gegen 22.00 Uhr zu einer illegalen M\u00fcllentsorgung in der Stra\u00dfe An der<\/p>\n","protected":false},"author":4994,"featured_media":458783,"comment_status":"open","ping_status":"open","sticky":false,"template":"","format":"standard","meta":{"colormag_page_container_layout":"default_layout","colormag_page_sidebar_layout":"default_layout","footnotes":""},"categories":[1527],"tags":[],"class_list":["post-458775","post","type-post","status-publish","format-standard","has-post-thumbnail","hentry","category-blaulicht"],"_links":{"self":[{"href":"https:\/\/hier-luebeck.de\/index.php\/wp-json\/wp\/v2\/posts\/458775","targetHints":{"allow":["GET"]}}],"collection":[{"href":"https:\/\/hier-luebeck.de\/index.php\/wp-json\/wp\/v2\/posts"}],"about":[{"href":"https:\/\/hier-luebeck.de\/index.php\/wp-json\/wp\/v2\/types\/post"}],"author":[{"embeddable":true,"href":"https:\/\/hier-luebeck.de\/index.php\/wp-json\/wp\/v2\/users\/4994"}],"replies":[{"embeddable":true,"href":"https:\/\/hier-luebeck.de\/index.php\/wp-json\/wp\/v2\/comments?post=458775"}],"version-history":[{"count":2,"href":"https:\/\/hier-luebeck.de\/index.php\/wp-json\/wp\/v2\/posts\/458775\/revisions"}],"predecessor-version":[{"id":458784,"href":"https:\/\/hier-luebeck.de\/index.php\/wp-json\/wp\/v2\/posts\/458775\/revisions\/458784"}],"wp:featuredmedia":[{"embeddable":true,"href":"https:\/\/hier-luebeck.de\/index.php\/wp-json\/wp\/v2\/media\/458783"}],"wp:attachment":[{"href":"https:\/\/hier-luebeck.de\/index.php\/wp-json\/wp\/v2\/media?parent=458775"}],"wp:term":[{"taxonomy":"category","embeddable":true,"href":"https:\/\/hier-luebeck.de\/index.php\/wp-json\/wp\/v2\/categories?post=458775"},{"taxonomy":"post_tag","embeddable":true,"href":"https:\/\/hier-luebeck.de\/index.php\/wp-json\/wp\/v2\/tags?post=458775"}],"curies":[{"name":"wp","href":"https:\/\/api.w.org\/{rel}","templated":true}]}}