{"id":458778,"date":"2026-04-30T10:39:04","date_gmt":"2026-04-30T08:39:04","guid":{"rendered":"https:\/\/hier-luebeck.de\/index.php\/pol-hl-hl-innenstadt-zwei-kraftraeder-durch-unbekannten-taeter-beschaedigt-polizei-sucht-zeugen\/"},"modified":"2026-04-30T10:39:04","modified_gmt":"2026-04-30T08:39:04","slug":"pol-hl-hl-innenstadt-zwei-kraftraeder-durch-unbekannten-taeter-beschaedigt-polizei-sucht-zeugen","status":"publish","type":"post","link":"https:\/\/hier-luebeck.de\/index.php\/pol-hl-hl-innenstadt-zwei-kraftraeder-durch-unbekannten-taeter-beschaedigt-polizei-sucht-zeugen\/","title":{"rendered":"POL-HL: HL-Innenstadt \/ Zwei Kraftr\u00e4der durch unbekannten T\u00e4ter besch\u00e4digt &#8211; Polizei sucht Zeugen"},"content":{"rendered":"<p>L\u00fcbeck (ots) &#8211; <\/p>\n<p>Am Sonntagabend (26.04.2026) stie\u00df ein Mann zwei geparkte Kraftr\u00e4der auf die Fahrbahn in der L\u00fcbecker Fischergrube. Es entstand ein nicht unerheblicher Sachschaden. Der Polizei liegen Hinweise auf den T\u00e4ter vor, das 1. Polizeirevier L\u00fcbeck sucht nach Zeugen.<\/p>\n<p><!--more--><\/p>\n<p>Gegen 21.00 Uhr bekam die Polizei den Hinweis auf einen randalierenden Mann in der L\u00fcbecker Innenstadt, zun\u00e4chst im Bereich An der Untertrave \/ Engelsgrube in Gehrichtung Breite Stra\u00dfe. Der Mann konnte durch die Einsatzkr\u00e4fte nicht mehr angetroffen werden, allerdings stellten sie in der parallel zur Engelsgrube verlaufenden Fischergrube zwei offenbar mutwillig umgesto\u00dfene Kraftr\u00e4der, konkret einen Motorroller sowie ein Kleinkraftrad, fest. An diesen entstand ein Sachschaden im mittleren vierstelligen Bereich.<br \/>\nDie Polizei geht derzeit davon aus, dass es sich bei dem zuvor randalierenden Mann um den T\u00e4ter der Sachbesch\u00e4digungen handeln k\u00f6nnte. Es soll sich bei diesem um einen etwa 40-j\u00e4hrigen, ca. 1,70 Meter gro\u00dfen Mann mit europ\u00e4ischem Erscheinungsbild und schlanker Statur handeln. Er soll eine graue M\u00fctze getragen und ein Fahrrad geschoben haben.<br \/>\nBeamte des 1. Polizeireviers L\u00fcbeck f\u00fchren die Ermittlungen wegen des Verdachts der Sachbesch\u00e4digungen in zwei F\u00e4llen. Zeuginnen und Zeugen, die die Taten beobachtet oder den Mann am Sonntagabend wahrgenommen haben, werden gebeten, sich dort telefonisch unter 0451 131-6150 oder per E-Mail unter ed.luebeck.prev01@polizei.landsh.de zu melden.<br \/>\nR\u00fcckfragen bitte an:<\/p>\n<p>Polizeidirektion L\u00fcbeck<br \/>\nMalwine Stolzenwald &#8211; Pressesprecherin<br \/>\nPolizeidirektion L\u00fcbeck Pressestelle<br \/>\nTelefon: 0451-131-2015<br \/>\nFax: 0451-131-2019<br \/>\nE-Mail: pressestelle.luebeck.pd@polizei.landsh.de<\/p>\n<p>Original-Content von: Polizeidirektion L\u00fcbeck, \u00fcbermittelt durch news aktuell<\/p>\n<p>Dieser Beitrag wurde automatisch von Presseportal.de zur Verf\u00fcgung gestellt: https:\/\/www.presseportal.de\/blaulicht\/pm\/43738\/6266000<\/p>\n","protected":false},"excerpt":{"rendered":"<p>L\u00fcbeck (ots) &#8211; Am Sonntagabend (26.04.2026) stie\u00df ein Mann zwei geparkte Kraftr\u00e4der auf die Fahrbahn in der L\u00fcbecker Fischergrube. Es<\/p>\n","protected":false},"author":0,"featured_media":0,"comment_status":"open","ping_status":"open","sticky":false,"template":"","format":"standard","meta":{"colormag_page_container_layout":"default_layout","colormag_page_sidebar_layout":"default_layout","footnotes":""},"categories":[1527],"tags":[],"class_list":["post-458778","post","type-post","status-publish","format-standard","hentry","category-blaulicht"],"_links":{"self":[{"href":"https:\/\/hier-luebeck.de\/index.php\/wp-json\/wp\/v2\/posts\/458778","targetHints":{"allow":["GET"]}}],"collection":[{"href":"https:\/\/hier-luebeck.de\/index.php\/wp-json\/wp\/v2\/posts"}],"about":[{"href":"https:\/\/hier-luebeck.de\/index.php\/wp-json\/wp\/v2\/types\/post"}],"replies":[{"embeddable":true,"href":"https:\/\/hier-luebeck.de\/index.php\/wp-json\/wp\/v2\/comments?post=458778"}],"version-history":[{"count":0,"href":"https:\/\/hier-luebeck.de\/index.php\/wp-json\/wp\/v2\/posts\/458778\/revisions"}],"wp:attachment":[{"href":"https:\/\/hier-luebeck.de\/index.php\/wp-json\/wp\/v2\/media?parent=458778"}],"wp:term":[{"taxonomy":"category","embeddable":true,"href":"https:\/\/hier-luebeck.de\/index.php\/wp-json\/wp\/v2\/categories?post=458778"},{"taxonomy":"post_tag","embeddable":true,"href":"https:\/\/hier-luebeck.de\/index.php\/wp-json\/wp\/v2\/tags?post=458778"}],"curies":[{"name":"wp","href":"https:\/\/api.w.org\/{rel}","templated":true}]}}