{"id":458781,"date":"2026-04-30T08:25:21","date_gmt":"2026-04-30T06:25:21","guid":{"rendered":"https:\/\/hier-luebeck.de\/index.php\/pol-rz-mit-rettungshubschrauber-ins-krankenhaus-schwerverletzter-motorradfahrer-nach-unfall-bei-buechen\/"},"modified":"2026-04-30T08:25:21","modified_gmt":"2026-04-30T06:25:21","slug":"pol-rz-mit-rettungshubschrauber-ins-krankenhaus-schwerverletzter-motorradfahrer-nach-unfall-bei-buechen","status":"publish","type":"post","link":"https:\/\/hier-luebeck.de\/index.php\/pol-rz-mit-rettungshubschrauber-ins-krankenhaus-schwerverletzter-motorradfahrer-nach-unfall-bei-buechen\/","title":{"rendered":"POL-RZ: Mit Rettungshubschrauber ins Krankenhaus: Schwerverletzter Motorradfahrer nach Unfall bei B\u00fcchen"},"content":{"rendered":"<p>Ratzeburg (ots) &#8211; <\/p>\n<p>30.04.2026 | Kreis Herzogtum Lauenburg | 29.04.2026 &#8211; K28 \/ Br\u00f6then<\/p>\n<p>Mittwochmittag ereignete sich zwischen B\u00fcchen und Br\u00f6then ein Verkehrsunfall. Ein Rettungshubschrauber brachte den schwerverletzten Motorradfahrer ins Krankenhaus.<br \/>\nAm 29.04.2026 gegen 12:30 Uhr soll ein 38-j\u00e4hriger Motorradfahrer aus dem Kreis Herzogtum Lauenburg die B\u00fcchener Stra\u00dfe (K28) aus Richtung B\u00fcchen kommend in Richtung Br\u00f6then befahren haben. Kurz vor dem Ortseingang Br\u00f6then habe dieser aus bislang ungekl\u00e4rter Ursache die Kontrolle \u00fcber seine Maschine verloren und sei nach rechts von der Fahrbahn abgekommen.<\/p>\n<p><!--more--><\/p>\n<p>Anschlie\u00dfend soll er mit einem Baum kollidiert sein. Der Mann erlitt dabei schwere Verletzungen und musste mit einem Rettungshubschrauber ins Krankenhaus gebracht werden.<br \/>\nR\u00fcckfragen bitte an:<\/p>\n<p>Polizeidirektion Ratzeburg<br \/>\n&#8211; Stabsstelle \/ Presse &#8211;<br \/>\nSophie-Marie Jakobi<br \/>\nTelefon: 04541\/809-2012<br \/>\nE-Mail: Presse.Ratzeburg.PD@polizei.landsh.de<\/p>\n<p>Original-Content von: Polizeidirektion Ratzeburg, \u00fcbermittelt durch news aktuell<\/p>\n<p>Dieser Beitrag wurde automatisch von Presseportal.de zur Verf\u00fcgung gestellt: https:\/\/www.presseportal.de\/blaulicht\/pm\/43735\/6265781<\/p>\n","protected":false},"excerpt":{"rendered":"<p>Ratzeburg (ots) &#8211; 30.04.2026 | Kreis Herzogtum Lauenburg | 29.04.2026 &#8211; K28 \/ Br\u00f6then Mittwochmittag ereignete sich zwischen B\u00fcchen und<\/p>\n","protected":false},"author":0,"featured_media":0,"comment_status":"open","ping_status":"open","sticky":false,"template":"","format":"standard","meta":{"colormag_page_container_layout":"default_layout","colormag_page_sidebar_layout":"default_layout","footnotes":""},"categories":[1527],"tags":[],"class_list":["post-458781","post","type-post","status-publish","format-standard","hentry","category-blaulicht"],"_links":{"self":[{"href":"https:\/\/hier-luebeck.de\/index.php\/wp-json\/wp\/v2\/posts\/458781","targetHints":{"allow":["GET"]}}],"collection":[{"href":"https:\/\/hier-luebeck.de\/index.php\/wp-json\/wp\/v2\/posts"}],"about":[{"href":"https:\/\/hier-luebeck.de\/index.php\/wp-json\/wp\/v2\/types\/post"}],"replies":[{"embeddable":true,"href":"https:\/\/hier-luebeck.de\/index.php\/wp-json\/wp\/v2\/comments?post=458781"}],"version-history":[{"count":0,"href":"https:\/\/hier-luebeck.de\/index.php\/wp-json\/wp\/v2\/posts\/458781\/revisions"}],"wp:attachment":[{"href":"https:\/\/hier-luebeck.de\/index.php\/wp-json\/wp\/v2\/media?parent=458781"}],"wp:term":[{"taxonomy":"category","embeddable":true,"href":"https:\/\/hier-luebeck.de\/index.php\/wp-json\/wp\/v2\/categories?post=458781"},{"taxonomy":"post_tag","embeddable":true,"href":"https:\/\/hier-luebeck.de\/index.php\/wp-json\/wp\/v2\/tags?post=458781"}],"curies":[{"name":"wp","href":"https:\/\/api.w.org\/{rel}","templated":true}]}}