{"id":458789,"date":"2026-04-30T17:47:05","date_gmt":"2026-04-30T15:47:05","guid":{"rendered":"https:\/\/hier-luebeck.de\/?p=458789"},"modified":"2026-04-30T17:47:05","modified_gmt":"2026-04-30T15:47:05","slug":"zum-1-mai-fuer-gute-arbeit-soziale-sicherheit-zusammenhalt","status":"publish","type":"post","link":"https:\/\/hier-luebeck.de\/index.php\/zum-1-mai-fuer-gute-arbeit-soziale-sicherheit-zusammenhalt\/","title":{"rendered":"Zum 1. Mai: F\u00fcr gute Arbeit, soziale Sicherheit, Zusammenhalt"},"content":{"rendered":"<p><em>Zum Tag der Arbeit am 1. Mai erkl\u00e4rt der Landesvorsitzende der SPD Schleswig-Holstein Ulf K\u00e4mpfer:<\/em><\/p>\n<p>\u201eDer 1. Mai steht f\u00fcr Solidarit\u00e4t, Respekt und den Kampf f\u00fcr starke Arbeitnehmer*innenrechte. F\u00fcr uns ist der 1. Mai einer der wichtigsten Tage des Jahres f\u00fcr soziale Gerechtigkeit in unserem Land.<!--more--><\/p>\n<p>Besch\u00e4ftigte haben die Krisen der vergangenen Jahre nicht verursacht. Sie halten unser Land am Laufen. In den Betrieben, im Handwerk, in den Krankenh\u00e4usern, in der Industrie oder im Dienstleistungsbereich. Sie schaffen Wohlstand und sichern den gesellschaftlichen Zusammenhalt. Das verdient Respekt, Sicherheit und faire Bedingungen.<\/p>\n<p>Wer arbeitet, muss von seinem Lohn leben k\u00f6nnen. Gute Arbeit braucht faire L\u00f6hne, starke Tarifbindung und sichere Arbeitspl\u00e4tze. Mittlerweile gelten nicht einmal mehr in der H\u00e4lfte der Betriebe Tarifvertr\u00e4ge. Tarifvertr\u00e4ge d\u00fcrfen kein Auslaufmodell werden, denn sie sind Garant f\u00fcr Fairness\u00a0und Verl\u00e4sslichkeit. Davon profitieren nicht nur die Besch\u00e4ftigten, sondern auch die Unternehmen.<\/p>\n<p>In Schleswig-Holstein setzen wir uns daf\u00fcr rein, dass \u00f6ffentliche Auftr\u00e4ge nur an Unternehmen gehen, die Tarifvertr\u00e4ge einhalten, dass Mietsteigerungen begrenzt werden und mehr bezahlbarer Wohnraum entsteht.<\/p>\n<p>Insgesamt brauchen wir eine Steuerpolitik, die kleine und mittlere Einkommen entlastet und Krisenprofite nicht absch\u00f6pft. Sozialreformen im Bund m\u00fcssen ausgewogen sein.<\/p>\n<p>Der Deutsche Gewerkschaftsbund und seine Mitgliedsgewerkschaften rufen landesweit zu Kundgebungen und Demonstrationen auf. Wir stehen solidarisch an ihrer Seite.&#8220;<\/p>\n<p><em>Am 1. Mai nimmt Ulf K\u00e4mpfer sowohl an der Demonstration in Kiel als auch an der Mai-Veranstaltung der SPD in Berkenthin (Herzogtum Lauenburg) mit Tim Kl\u00fcssendorf teil (ab 12 Uhr an der Berkenthiner Kanalschleuse<\/em>).<\/p>\n","protected":false},"excerpt":{"rendered":"<p>Zum Tag der Arbeit am 1. Mai erkl\u00e4rt der Landesvorsitzende der SPD Schleswig-Holstein Ulf K\u00e4mpfer: \u201eDer 1. Mai steht f\u00fcr<\/p>\n","protected":false},"author":4994,"featured_media":446902,"comment_status":"open","ping_status":"open","sticky":false,"template":"","format":"standard","meta":{"colormag_page_container_layout":"default_layout","colormag_page_sidebar_layout":"default_layout","footnotes":""},"categories":[5],"tags":[28064,28063,28065],"class_list":["post-458789","post","type-post","status-publish","format-standard","has-post-thumbnail","hentry","category-politik-wirtschaft","tag-soziale-sicherheit","tag-zum-1-mai-fuer-gute-arbeit","tag-zusammenhalt"],"_links":{"self":[{"href":"https:\/\/hier-luebeck.de\/index.php\/wp-json\/wp\/v2\/posts\/458789","targetHints":{"allow":["GET"]}}],"collection":[{"href":"https:\/\/hier-luebeck.de\/index.php\/wp-json\/wp\/v2\/posts"}],"about":[{"href":"https:\/\/hier-luebeck.de\/index.php\/wp-json\/wp\/v2\/types\/post"}],"author":[{"embeddable":true,"href":"https:\/\/hier-luebeck.de\/index.php\/wp-json\/wp\/v2\/users\/4994"}],"replies":[{"embeddable":true,"href":"https:\/\/hier-luebeck.de\/index.php\/wp-json\/wp\/v2\/comments?post=458789"}],"version-history":[{"count":1,"href":"https:\/\/hier-luebeck.de\/index.php\/wp-json\/wp\/v2\/posts\/458789\/revisions"}],"predecessor-version":[{"id":458790,"href":"https:\/\/hier-luebeck.de\/index.php\/wp-json\/wp\/v2\/posts\/458789\/revisions\/458790"}],"wp:featuredmedia":[{"embeddable":true,"href":"https:\/\/hier-luebeck.de\/index.php\/wp-json\/wp\/v2\/media\/446902"}],"wp:attachment":[{"href":"https:\/\/hier-luebeck.de\/index.php\/wp-json\/wp\/v2\/media?parent=458789"}],"wp:term":[{"taxonomy":"category","embeddable":true,"href":"https:\/\/hier-luebeck.de\/index.php\/wp-json\/wp\/v2\/categories?post=458789"},{"taxonomy":"post_tag","embeddable":true,"href":"https:\/\/hier-luebeck.de\/index.php\/wp-json\/wp\/v2\/tags?post=458789"}],"curies":[{"name":"wp","href":"https:\/\/api.w.org\/{rel}","templated":true}]}}