{"id":458791,"date":"2026-04-30T18:20:11","date_gmt":"2026-04-30T16:20:11","guid":{"rendered":"https:\/\/hier-luebeck.de\/?p=458791"},"modified":"2026-04-30T18:20:11","modified_gmt":"2026-04-30T16:20:11","slug":"wenn-sich-kulturelle-leuchttuerme-unter-die-arme-greifen-profitiert-ganz-schleswig-holstein","status":"publish","type":"post","link":"https:\/\/hier-luebeck.de\/index.php\/wenn-sich-kulturelle-leuchttuerme-unter-die-arme-greifen-profitiert-ganz-schleswig-holstein\/","title":{"rendered":"Wenn sich kulturelle Leuchtt\u00fcrme unter die Arme greifen, profitiert ganz Schleswig-Holstein"},"content":{"rendered":"<p>Zur heute verk\u00fcndeten L\u00f6sung f\u00fcr die Eutiner Festspiele erkl\u00e4rt die kulturpolitische Sprecherin, Anette R\u00f6ttger:<\/p>\n<p>\u201eAls im Januar das \u00fcberraschende Aus der Saison 2026 der Eutiner Festspiele bekannt wurde, war es nicht nur f\u00fcr die Region ein Schock. Es hat auch die gesamte kulturelle Landschaft Schleswig-Holsteins bis ins Mark getroffen. Sogleich wurde dann auf allen Ebenen auf Hochtouren an einer Zukunftsl\u00f6sung f\u00fcr die Eutiner Festspiele gearbeitet. Allen voran haben nach einem langj\u00e4hrigen hohen ehrenamtlichen Engagement durch Falk Herzog auch das Land Schleswig-Holstein und unser Ministerpr\u00e4sident Daniel G\u00fcnther fr\u00fch signalisiert, ihren Teil zum Fortbestehen der Eutiner Festspiele beizutragen.<!--more--><\/p>\n<p>Eine solche L\u00f6sung ist nun gelungen \u2013 dank der Zusicherung aller Ebenen, mehr f\u00fcr die Festspiele tun zu wollen und mithilfe des Schleswig-Holstein Musik Festivals als starkem Partner. Dieses wird bereits im Jahr 2026 f\u00fcr ein gewisses Ersatzprogramm auf der Seeb\u00fchne sorgen. Ab 2027 soll das SHMF dann den Spielbetrieb in Eutin leiten und dort mit 34 Veranstaltungen pro Jahr ein gemischtes Programm auf die Beine stellen. Dies setzt voraus, dass auch der Landtag diesen Weg mit der Aufstellung des Haushalts f\u00fcr 2027 ebnet.<\/p>\n<p>Unser Dank gilt daher zun\u00e4chst allen Beteiligten, die zum Zustandekommen dieser L\u00f6sung beigetragen haben. Das zeigt, wie es gelingen kann, dass die Eutiner Festspiele auch wieder langfristig zu unvergesslichen Kulturerlebnissen in einzigartiger Naturkulisse beitragen. Ein besonderer Dank gilt aber den Verantwortlichen des Schleswig-Holstein Musik Festivals. Dieses Engagement f\u00fcr die Eutiner Festspiele steht sinnbildlich f\u00fcr einen guten Schulterschluss in der Kulturlandschaft Schleswig-Holsteins.\u201c<\/p>\n<p>Foto: Symbolfoto<\/p>\n","protected":false},"excerpt":{"rendered":"<p>Zur heute verk\u00fcndeten L\u00f6sung f\u00fcr die Eutiner Festspiele erkl\u00e4rt die kulturpolitische Sprecherin, Anette R\u00f6ttger: \u201eAls im Januar das \u00fcberraschende Aus<\/p>\n","protected":false},"author":4994,"featured_media":458792,"comment_status":"open","ping_status":"open","sticky":false,"template":"","format":"standard","meta":{"colormag_page_container_layout":"default_layout","colormag_page_sidebar_layout":"default_layout","footnotes":""},"categories":[5],"tags":[28067,28066],"class_list":["post-458791","post","type-post","status-publish","format-standard","has-post-thumbnail","hentry","category-politik-wirtschaft","tag-profitiert-ganz-schleswig-holstein","tag-wenn-sich-kulturelle-leuchttuerme-unter-die-arme-greifen"],"_links":{"self":[{"href":"https:\/\/hier-luebeck.de\/index.php\/wp-json\/wp\/v2\/posts\/458791","targetHints":{"allow":["GET"]}}],"collection":[{"href":"https:\/\/hier-luebeck.de\/index.php\/wp-json\/wp\/v2\/posts"}],"about":[{"href":"https:\/\/hier-luebeck.de\/index.php\/wp-json\/wp\/v2\/types\/post"}],"author":[{"embeddable":true,"href":"https:\/\/hier-luebeck.de\/index.php\/wp-json\/wp\/v2\/users\/4994"}],"replies":[{"embeddable":true,"href":"https:\/\/hier-luebeck.de\/index.php\/wp-json\/wp\/v2\/comments?post=458791"}],"version-history":[{"count":1,"href":"https:\/\/hier-luebeck.de\/index.php\/wp-json\/wp\/v2\/posts\/458791\/revisions"}],"predecessor-version":[{"id":458793,"href":"https:\/\/hier-luebeck.de\/index.php\/wp-json\/wp\/v2\/posts\/458791\/revisions\/458793"}],"wp:featuredmedia":[{"embeddable":true,"href":"https:\/\/hier-luebeck.de\/index.php\/wp-json\/wp\/v2\/media\/458792"}],"wp:attachment":[{"href":"https:\/\/hier-luebeck.de\/index.php\/wp-json\/wp\/v2\/media?parent=458791"}],"wp:term":[{"taxonomy":"category","embeddable":true,"href":"https:\/\/hier-luebeck.de\/index.php\/wp-json\/wp\/v2\/categories?post=458791"},{"taxonomy":"post_tag","embeddable":true,"href":"https:\/\/hier-luebeck.de\/index.php\/wp-json\/wp\/v2\/tags?post=458791"}],"curies":[{"name":"wp","href":"https:\/\/api.w.org\/{rel}","templated":true}]}}