{"id":458796,"date":"2026-04-30T18:41:15","date_gmt":"2026-04-30T16:41:15","guid":{"rendered":"https:\/\/hier-luebeck.de\/?p=458796"},"modified":"2026-04-30T18:41:35","modified_gmt":"2026-04-30T16:41:35","slug":"rolltreppen-demontage-markiert-weiteren-meilenstein-auf-dem-weg-zum-bildungshaus","status":"publish","type":"post","link":"https:\/\/hier-luebeck.de\/index.php\/rolltreppen-demontage-markiert-weiteren-meilenstein-auf-dem-weg-zum-bildungshaus\/","title":{"rendered":"Rolltreppen-Demontage markiert weiteren Meilenstein auf dem Weg zum Bildungshaus"},"content":{"rendered":"<p>Umbau des ehemaligen Karstadt-Hauses am Schrangen verl\u00e4uft planm\u00e4\u00dfig.<\/p>\n<p>Die Hansestadt L\u00fcbeck erreicht bei der Umwandlung des ehemaligen Karstadt-Geb\u00e4udes am Schrangen in das k\u00fcnftige Bildungshaus einen weiteren wichtigen Baufortschritt: Seit Beginn dieser Woche l\u00e4uft die Demontage der insgesamt acht Rolltreppen im Geb\u00e4ude. Der Ausbau der pr\u00e4genden Elemente des fr\u00fcheren Kaufhauses steht sinnbildlich f\u00fcr den sichtbaren Wandel vom Handelsstandort zum modernen Ort f\u00fcr Bildung, Begegnung und Kultur.<!--more--><\/p>\n<p>Mit dem R\u00fcckbau der acht jeweils rund acht Tonnen schweren Anlagen startet einer der markantesten Schritte der laufenden Umbauma\u00dfnahmen. Ein spezialisiertes Fachunternehmen baut die Rolltreppen in mehreren Arbeitsschritten aus. Dazu werden die Anlagen zun\u00e4chst technisch von Stromversorgung, Sprinkler- und Brandmeldeanlagen getrennt. Anschlie\u00dfend werden Befestigungen gel\u00f6st, Decken- und Gel\u00e4nderteile zur\u00fcckgebaut und die Rolltreppen mit Hebetechnik kontrolliert aus ihrer Verankerung gehoben. \u00dcber Schwerlastfahrwerke werden sie aus dem Geb\u00e4ude transportiert und anschlie\u00dfend abtransportiert. F\u00fcr den vollst\u00e4ndigen Ausbau sind rund zwei Kalenderwochen vorgesehen.<\/p>\n<p>\u201eMit der Demontage der Rolltreppen wird der Wandel dieses Geb\u00e4udes nun f\u00fcr alle sichtbar. Was jahrzehntelang f\u00fcr den Warenhausbetrieb stand, weicht jetzt den Strukturen eines offenen und modernen Bildungshauses\u201c, erkl\u00e4rt B\u00fcrgermeister Jan Lindenau. \u201eDas ist ein weiterer bedeutender Meilenstein f\u00fcr unsere Innenstadtentwicklung und ein starkes Signal f\u00fcr L\u00fcbeck als Bildungsstandort.\u201c<\/p>\n<p>\u201eDie Arbeiten zeigen, dass das Projekt planm\u00e4\u00dfig voranschreitet. Nach dem Bau der Brandwand, der technischen Trennung der Geb\u00e4udeteile sowie dem erforderlichen Schadstoffausbau folgt nun der n\u00e4chste wichtige Schritt im Zuge der laufenden Abbrucharbeiten\u201c, erg\u00e4nzt Bausenatorin Joanna Hagen. \u201eJeder erreichte Meilenstein bringt uns dem Ziel n\u00e4her, hier bis 2028 einen zukunftsf\u00e4higen Lern- und Begegnungsort im Herzen der Altstadt zu schaffen.\u201c<\/p>\n<p><strong>Aus offenen Verkaufsfl\u00e4chen werden moderne Bildungsfl\u00e4chen<\/strong><\/p>\n<p>Die Demontage der Rolltreppen ist Teil der umfassenden Neustrukturierung des Geb\u00e4udes. Wo bislang offene Verkaufsfl\u00e4chen und vertikale Kundenerschlie\u00dfung das Haus pr\u00e4gten, entstehen k\u00fcnftig Lernr\u00e4ume, Aufenthaltsbereiche und moderne Bildungsfl\u00e4chen f\u00fcr Schulen, Hochschulen und die Stadtgesellschaft.<\/p>\n<p>Bereits umgesetzt wurden zentrale vorbereitende Ma\u00dfnahmen, darunter die brandschutztechnische Trennung zwischen Haus A und Haus B sowie die technische Entkopplung der Geb\u00e4udeteile. Die laufenden Abbruch- und Schadstoffsanierungen werden voraussichtlich bis Sommer 2026 abgeschlossen. Im Anschluss erfolgt die \u00dcbergabe an den Generalunternehmer, so dass voraussichtlich im Herbst 2026 der n\u00e4chste Meilenstein erreicht wird: Die Aufstellung des gro\u00dfen Baukrans auf dem Schrangen.<\/p>\n<p>Das Projekt befindet sich weiterhin im vorgesehenen Zeitplan. Die Inbetriebnahme des Bildungshauses ist f\u00fcr das Jahr 2028 vorgesehen. Aktuelle Informationen zum Projekt ver\u00f6ffentlicht die Hansestadt L\u00fcbeck fortlaufend unter <a href=\"http:\/\/www.luebeck.de\/bildungshaus\">www.luebeck.de\/bildungshaus<\/a> und im digitalen Baustellentagebuch unter <a href=\"http:\/\/www.luebeck.de\/bildungshaus-blog\">www.luebeck.de\/bildungshaus-blog<\/a><\/p>\n<p><strong>Chancen f\u00fcr den Schrangen \u2013 Infostand am 8. Mai 2026<\/strong><\/p>\n<p>Parallel zum Umbau des Geb\u00e4udes, nimmt die Stadtplanung die perspektivische Neugestaltung des Schrangen in den Blick. Hier soll neben der Zufahrt zum neuen Fahrradparkhaus auch eine hohe Aufenthaltsqualit\u00e4t k\u00fcnftig eine gro\u00dfe Rolle spielen. Am Freitag, 8. Mai 2026, von 12 bis 15 Uhr werden Mitarbeiter:innen der Stadtplanung im Rahmen des Tages der St\u00e4dtebauf\u00f6rderung mit einem Informationsstand in der Fu\u00dfg\u00e4ngerzone (Ecke Schrangen und Breite Stra\u00dfe) vertreten sein und dar\u00fcber informieren, welche Chancen sich aus der Errichtung des Bildungshaus mit Fahrradgarage f\u00fcr den Schrangen ergeben k\u00f6nnen. Interessierte k\u00f6nnen sich direkt vor Ort informieren, mit den Projektverantwortlichen ins Gespr\u00e4ch kommen und erfahren, welche Schritte als N\u00e4chstes angestrebt werden.<\/p>\n<p>Bild: HL<\/p>\n","protected":false},"excerpt":{"rendered":"<p>Umbau des ehemaligen Karstadt-Hauses am Schrangen verl\u00e4uft planm\u00e4\u00dfig. Die Hansestadt L\u00fcbeck erreicht bei der Umwandlung des ehemaligen Karstadt-Geb\u00e4udes am Schrangen<\/p>\n","protected":false},"author":4994,"featured_media":458797,"comment_status":"open","ping_status":"open","sticky":false,"template":"","format":"standard","meta":{"colormag_page_container_layout":"default_layout","colormag_page_sidebar_layout":"default_layout","footnotes":""},"categories":[10,5],"tags":[28069],"class_list":["post-458796","post","type-post","status-publish","format-standard","has-post-thumbnail","hentry","category-lubeck-lupe","category-politik-wirtschaft","tag-rolltreppen-demontage-markiert-weiteren-meilenstein-auf-dem-weg-zum-bildungshaus"],"_links":{"self":[{"href":"https:\/\/hier-luebeck.de\/index.php\/wp-json\/wp\/v2\/posts\/458796","targetHints":{"allow":["GET"]}}],"collection":[{"href":"https:\/\/hier-luebeck.de\/index.php\/wp-json\/wp\/v2\/posts"}],"about":[{"href":"https:\/\/hier-luebeck.de\/index.php\/wp-json\/wp\/v2\/types\/post"}],"author":[{"embeddable":true,"href":"https:\/\/hier-luebeck.de\/index.php\/wp-json\/wp\/v2\/users\/4994"}],"replies":[{"embeddable":true,"href":"https:\/\/hier-luebeck.de\/index.php\/wp-json\/wp\/v2\/comments?post=458796"}],"version-history":[{"count":2,"href":"https:\/\/hier-luebeck.de\/index.php\/wp-json\/wp\/v2\/posts\/458796\/revisions"}],"predecessor-version":[{"id":458799,"href":"https:\/\/hier-luebeck.de\/index.php\/wp-json\/wp\/v2\/posts\/458796\/revisions\/458799"}],"wp:featuredmedia":[{"embeddable":true,"href":"https:\/\/hier-luebeck.de\/index.php\/wp-json\/wp\/v2\/media\/458797"}],"wp:attachment":[{"href":"https:\/\/hier-luebeck.de\/index.php\/wp-json\/wp\/v2\/media?parent=458796"}],"wp:term":[{"taxonomy":"category","embeddable":true,"href":"https:\/\/hier-luebeck.de\/index.php\/wp-json\/wp\/v2\/categories?post=458796"},{"taxonomy":"post_tag","embeddable":true,"href":"https:\/\/hier-luebeck.de\/index.php\/wp-json\/wp\/v2\/tags?post=458796"}],"curies":[{"name":"wp","href":"https:\/\/api.w.org\/{rel}","templated":true}]}}