{"id":458800,"date":"2026-04-30T18:49:21","date_gmt":"2026-04-30T16:49:21","guid":{"rendered":"https:\/\/hier-luebeck.de\/?p=458800"},"modified":"2026-04-30T18:49:35","modified_gmt":"2026-04-30T16:49:35","slug":"zarte-marte-bringt-den-sommer-in-rosa","status":"publish","type":"post","link":"https:\/\/hier-luebeck.de\/index.php\/zarte-marte-bringt-den-sommer-in-rosa\/","title":{"rendered":"\u201eZarte Marte\u201c bringt den Sommer in Rosa"},"content":{"rendered":"<p>Die \u201ePflanze des Jahres im Norden 2026\u201c setzt neue Ma\u00dfst\u00e4be f\u00fcr pflegeleichte Sommerfreude.<\/p>\n<p>Schleswig-Holstein bl\u00fcht auf: Die G\u00e4rtnereien im Land starten mit \u00fcppig gef\u00fcllten Gew\u00e4chsh\u00e4usern und gro\u00dfer Sortenvielfalt in die Sommerblumensaison. Neben bew\u00e4hrten Klassikern begeistern auch in diesem Jahr wieder neue Sorten, die Lust aufs Ausprobieren machen.<!--more--><\/p>\n<p>Traditionell gelten die Eisheiligen Mitte Mai als Orientierung f\u00fcr den Start in die sommerliche Bl\u00fctenpracht, doch je nach Witterung und Standort kann die Pflanzsaison oft schon fr\u00fcher beginnen. Vor diesem Hintergrund stellen die Landwirtschaftskammer Schleswig-Holstein und der Wirtschaftsverband Gartenbau Norddeutschland e.V. (WVGN) die \u201eZarte Marte\u201c als \u201ePflanze des Jahres im Norden 2026\u201c vor und er\u00f6ffnen damit offiziell die Gartensaison.<br \/>\n<img loading=\"lazy\" decoding=\"async\" class=\"alignnone size-medium wp-image-458802\" src=\"https:\/\/hier-luebeck.de\/wp-content\/uploads\/2026\/04\/Bild-2-320x240.jpg\" alt=\"\" width=\"320\" height=\"240\" srcset=\"https:\/\/hier-luebeck.de\/wp-content\/uploads\/2026\/04\/Bild-2-320x240.jpg 320w, https:\/\/hier-luebeck.de\/wp-content\/uploads\/2026\/04\/Bild-2-550x413.jpg 550w, https:\/\/hier-luebeck.de\/wp-content\/uploads\/2026\/04\/Bild-2.jpg 600w\" sizes=\"auto, (max-width: 320px) 100vw, 320px\" \/><br \/>\nMit der \u201eZarten Marte\u201c zieht ein echtes Bl\u00fctenwunder in die norddeutschen G\u00e4rten sowie auf Balkone und Terrassen ein. Die Petunie (botanisch: Petunia \u201eItsy Light Pink\u201c) begeistert mit unz\u00e4hligen kleinen Bl\u00fcten, die sich zu einem dichten, leuchtenden Farbteppich vereinen \u2013 zart im Ton, aber stark in der Wirkung. Schon ab Ende April zeigt sie zuverl\u00e4ssig ihre Pracht und h\u00e4lt diese bis zum ersten Frost durch. Damit steht sie exemplarisch f\u00fcr die Leistungsf\u00e4higkeit und Vielfalt des norddeutschen Gartenbaus.<\/p>\n<p>Ein Zeichen f\u00fcr regionale Qualit\u00e4t Die offizielle Saisoner\u00f6ffnung fand in diesem Jahr auf dem Blumenhof Pein in Halstenbek statt. Der Blumenhof Pein bewirtschaftet eine Gesamtfl\u00e4che von rund 3,1 Hektar, davon etwa 9.850 m\u00b2 unter Glas und Folie. Mit einer breiten Produktionspalette und eigenem Verkauf vor Ort steht der Betrieb beispielhaft f\u00fcr die Vielfalt und St\u00e4rke<br \/>\ndes regionalen Gartenbaus. Der traditionsreiche Gartenbaubetrieb steht exemplarisch f\u00fcr regionale Produktion \u201eim Norden und f\u00fcr den Norden\u201c. Im Rahmen der Veranstaltung wurden gemeinsam bepflanzte Blumenk\u00fcbel \u2013 unter anderem mit der \u201eZarten Marte\u201c \u2013 gestaltet und symbolisch an die Gemeinde Halstenbek \u00fcbergeben.<\/p>\n<p>Die enge Kooperation zwischen der Landwirtschaftskammer und dem Wirtschaftsverband Gartenbau Nord unterstreicht dabei die Bedeutung regionaler Produktion.<\/p>\n<p>\u201eDie \u201aZarte Marte\u2018 ist weit mehr als nur ein optisches Highlight\u201c, erkl\u00e4rt Ute Volquardsen, Pr\u00e4sidentin der Landwirtschaftskammer Schleswig-Holstein. \u201eSie ist ein gelungenes Beispiel f\u00fcr die Innovationskraft des regionalen Gartenbaus, verbindet eine hohe Bl\u00fchleistung mit ausgepr\u00e4gter Widerstandsf\u00e4higkeit und unterstreicht damit die Bedeutung qualit\u00e4tsorientierter, regionaler Produktion.\u201c<\/p>\n<p>Unkomplizierte Sch\u00f6nheit f\u00fcr jeden Standort<\/p>\n<p>Ob im Beet, in T\u00f6pfen, Balkonk\u00e4sten oder Blumenampeln: Diese Petunie sorgt \u00fcberall f\u00fcr sommerliche Wohlf\u00fchlatmosph\u00e4re. Sie f\u00fchlt sich an sonnigen Standorten ebenso wohl wie im leichten Schatten. Ein gro\u00dfer Vorteil f\u00fcr alle Gartenfreunde: Die \u201eZarte Marte\u201c ist ausge-sprochen pflegeleicht. Verbl\u00fchte Bl\u00fcten m\u00fcssen nicht m\u00fchsam ausgeputzt werden, da sie sich selbst reinigt, und selbst typisch norddeutscher Regen kann ihr kaum etwas anhaben.<\/p>\n<p>Informationen f\u00fcr Verbraucher<\/p>\n<p>Wer den eigenen Garten oder Balkon in ein rosa Bl\u00fctenmeer verwandeln m\u00f6chte, findet weitere Informationen sowie eine \u00dcbersicht der G\u00e4rtnereien, die die \u201eZarte Marte\u201c f\u00fchren, auf der offiziellen Webseite: <a href=\"http:\/\/www.pflanze-des-jahres-im-norden.de\">www.pflanze-des-jahres-im-norden.de<\/a><\/p>\n<p>In ganz Schleswig-Holstein finden sich G\u00e4rtnereien, die mit den \u00f6rtlichen Anforderungen ebenso vertraut sind wie mit den W\u00fcnschen ihrer Kundschaft. Sie profitieren zunehmend vom Trend zum regionalen Einkauf. Einige dieser Betriebe haben sich zusammengeschlos-sen und nehmen an der Zertifizierung f\u00fcr das G\u00fctezeichen Schleswig-Holstein teil. Dieses steht f\u00fcr eine hohe Pflanzenqualit\u00e4t und garantiert, dass die Gew\u00e4chse tats\u00e4chlich in Schleswig-Holstein herangezogen wurden. Die Landwirtschaftskammer Schleswig-Holstein begleitet und unterst\u00fctzt diese qualit\u00e4tsorientierte Entwicklung aktiv und setzt sich gemein-sam mit den Betrieben f\u00fcr die St\u00e4rkung der regionalen Produktion ein.<\/p>\n<p>So wird sichergestellt, dass Verbraucherinnen und Verbraucher auf verl\u00e4ssliche Herkunft und gepr\u00fcfte Qualit\u00e4t vertrauen k\u00f6nnen.<br \/>\nWeitere Informationen unter <a href=\"https:\/\/im-norden-gewachsen.de\/\">https:\/\/im-norden-gewachsen.de\/<\/a><\/p>\n<p>Fotos: Ole Kock<\/p>\n","protected":false},"excerpt":{"rendered":"<p>Die \u201ePflanze des Jahres im Norden 2026\u201c setzt neue Ma\u00dfst\u00e4be f\u00fcr pflegeleichte Sommerfreude. Schleswig-Holstein bl\u00fcht auf: Die G\u00e4rtnereien im Land<\/p>\n","protected":false},"author":4994,"featured_media":458801,"comment_status":"open","ping_status":"open","sticky":false,"template":"","format":"standard","meta":{"colormag_page_container_layout":"default_layout","colormag_page_sidebar_layout":"default_layout","footnotes":""},"categories":[14],"tags":[28070],"class_list":["post-458800","post","type-post","status-publish","format-standard","has-post-thumbnail","hentry","category-tipps-informationen","tag-zarte-marte-bringt-den-sommer-in-rosa"],"_links":{"self":[{"href":"https:\/\/hier-luebeck.de\/index.php\/wp-json\/wp\/v2\/posts\/458800","targetHints":{"allow":["GET"]}}],"collection":[{"href":"https:\/\/hier-luebeck.de\/index.php\/wp-json\/wp\/v2\/posts"}],"about":[{"href":"https:\/\/hier-luebeck.de\/index.php\/wp-json\/wp\/v2\/types\/post"}],"author":[{"embeddable":true,"href":"https:\/\/hier-luebeck.de\/index.php\/wp-json\/wp\/v2\/users\/4994"}],"replies":[{"embeddable":true,"href":"https:\/\/hier-luebeck.de\/index.php\/wp-json\/wp\/v2\/comments?post=458800"}],"version-history":[{"count":2,"href":"https:\/\/hier-luebeck.de\/index.php\/wp-json\/wp\/v2\/posts\/458800\/revisions"}],"predecessor-version":[{"id":458804,"href":"https:\/\/hier-luebeck.de\/index.php\/wp-json\/wp\/v2\/posts\/458800\/revisions\/458804"}],"wp:featuredmedia":[{"embeddable":true,"href":"https:\/\/hier-luebeck.de\/index.php\/wp-json\/wp\/v2\/media\/458801"}],"wp:attachment":[{"href":"https:\/\/hier-luebeck.de\/index.php\/wp-json\/wp\/v2\/media?parent=458800"}],"wp:term":[{"taxonomy":"category","embeddable":true,"href":"https:\/\/hier-luebeck.de\/index.php\/wp-json\/wp\/v2\/categories?post=458800"},{"taxonomy":"post_tag","embeddable":true,"href":"https:\/\/hier-luebeck.de\/index.php\/wp-json\/wp\/v2\/tags?post=458800"}],"curies":[{"name":"wp","href":"https:\/\/api.w.org\/{rel}","templated":true}]}}