{"id":458805,"date":"2026-04-30T18:51:48","date_gmt":"2026-04-30T16:51:48","guid":{"rendered":"https:\/\/hier-luebeck.de\/?p=458805"},"modified":"2026-04-30T18:51:48","modified_gmt":"2026-04-30T16:51:48","slug":"bauaktenarchiv-voraussichtlich-ab-8-mai-2026-zugaenglich","status":"publish","type":"post","link":"https:\/\/hier-luebeck.de\/index.php\/bauaktenarchiv-voraussichtlich-ab-8-mai-2026-zugaenglich\/","title":{"rendered":"Bauaktenarchiv voraussichtlich ab 8. Mai 2026 zug\u00e4nglich"},"content":{"rendered":"<p>Aufgrund der mehrw\u00f6chigen Schlie\u00dfung kommt es zur verz\u00f6gerten Bearbeitung.<\/p>\n<p>Nachdem das Bauaktenarchiv der Hansestadt L\u00fcbeck aufgrund eines Wasserschadens im Geb\u00e4ude M\u00fchlendamm 22 vor\u00fcbergehend geschlossen werden musste, soll nun die Nutzung voraussichtlich ab Freitag, 8. Mai 2026, wieder m\u00f6glich sein.<!--more--><\/p>\n<p>Infolge der mehrw\u00f6chigen Schlie\u00dfungen werden leider auch in den kommenden Wochen die Verz\u00f6gerungen bei der Zusendung bereits angeforderter Bauakten und bei der Terminvereinbarung andauern.<\/p>\n<p>Die telefonische Erreichbarkeit bleibt gew\u00e4hrleistet. Eine Kontaktaufnahme ist zudem per E-Mail an <a href=\"mailto:bauaktenarchiv@luebeck.de\">bauaktenarchiv@luebeck.de<\/a> oder \u00fcber die einheitliche Beh\u00f6rdennummer (0451) 115 m\u00f6glich.<\/p>\n<p>Die Stadtverwaltung bittet um Verst\u00e4ndnis f\u00fcr die vor\u00fcbergehenden Einschr\u00e4nkungen.<\/p>\n","protected":false},"excerpt":{"rendered":"<p>Aufgrund der mehrw\u00f6chigen Schlie\u00dfung kommt es zur verz\u00f6gerten Bearbeitung. Nachdem das Bauaktenarchiv der Hansestadt L\u00fcbeck aufgrund eines Wasserschadens im Geb\u00e4ude<\/p>\n","protected":false},"author":4994,"featured_media":453558,"comment_status":"open","ping_status":"open","sticky":false,"template":"","format":"standard","meta":{"colormag_page_container_layout":"default_layout","colormag_page_sidebar_layout":"default_layout","footnotes":""},"categories":[10,5],"tags":[28071],"class_list":["post-458805","post","type-post","status-publish","format-standard","has-post-thumbnail","hentry","category-lubeck-lupe","category-politik-wirtschaft","tag-bauaktenarchiv-voraussichtlich-ab-8-mai-2026-zugaenglich"],"_links":{"self":[{"href":"https:\/\/hier-luebeck.de\/index.php\/wp-json\/wp\/v2\/posts\/458805","targetHints":{"allow":["GET"]}}],"collection":[{"href":"https:\/\/hier-luebeck.de\/index.php\/wp-json\/wp\/v2\/posts"}],"about":[{"href":"https:\/\/hier-luebeck.de\/index.php\/wp-json\/wp\/v2\/types\/post"}],"author":[{"embeddable":true,"href":"https:\/\/hier-luebeck.de\/index.php\/wp-json\/wp\/v2\/users\/4994"}],"replies":[{"embeddable":true,"href":"https:\/\/hier-luebeck.de\/index.php\/wp-json\/wp\/v2\/comments?post=458805"}],"version-history":[{"count":1,"href":"https:\/\/hier-luebeck.de\/index.php\/wp-json\/wp\/v2\/posts\/458805\/revisions"}],"predecessor-version":[{"id":458806,"href":"https:\/\/hier-luebeck.de\/index.php\/wp-json\/wp\/v2\/posts\/458805\/revisions\/458806"}],"wp:featuredmedia":[{"embeddable":true,"href":"https:\/\/hier-luebeck.de\/index.php\/wp-json\/wp\/v2\/media\/453558"}],"wp:attachment":[{"href":"https:\/\/hier-luebeck.de\/index.php\/wp-json\/wp\/v2\/media?parent=458805"}],"wp:term":[{"taxonomy":"category","embeddable":true,"href":"https:\/\/hier-luebeck.de\/index.php\/wp-json\/wp\/v2\/categories?post=458805"},{"taxonomy":"post_tag","embeddable":true,"href":"https:\/\/hier-luebeck.de\/index.php\/wp-json\/wp\/v2\/tags?post=458805"}],"curies":[{"name":"wp","href":"https:\/\/api.w.org\/{rel}","templated":true}]}}