{"id":458809,"date":"2026-05-01T15:25:21","date_gmt":"2026-05-01T13:25:21","guid":{"rendered":"https:\/\/hier-luebeck.de\/?p=458809"},"modified":"2026-05-01T15:32:54","modified_gmt":"2026-05-01T13:32:54","slug":"ausstellungserweiterung-zur-cap-arcona-tragoedie-im-museum-in-poenitz-eroeffnet","status":"publish","type":"post","link":"https:\/\/hier-luebeck.de\/index.php\/ausstellungserweiterung-zur-cap-arcona-tragoedie-im-museum-in-poenitz-eroeffnet\/","title":{"rendered":"Ausstellungserweiterung zur Cap Arcona Trag\u00f6die im Museum in P\u00f6nitz er\u00f6ffnet"},"content":{"rendered":"<p style=\"margin: 0cm 0cm 2.85pt 0cm;\">Im Museum f\u00fcr Regionalgeschichte in P\u00f6nitz ist jetzt eine neue Ausstellung zu sehen: \u201eCap Arcona &#8211; 3. Mai 1945: Die Trag\u00f6die der KZ-Schiffe in der L\u00fcbecker Bucht\u201c.<!--more--><\/p>\n<p style=\"margin: 0cm 0cm 2.85pt 0cm;\">Die tragischen Ereignisse der letzten Kriegstage im Mai 1945 sind vielen Ostholsteiner Anwohnern rund um die L\u00fcbecker Bucht auch nach \u00fcber 80 Jahren noch gegenw\u00e4rtig. Einige \u00e4ltere Menschen k\u00f6nnen sich noch an den Beschuss der H\u00e4ftlingsschiffe vor Neustadt und Haffkrug erinnern. Sie sahen die Schiffe brennen, dann die Wracks in der Bucht liegen.<\/p>\n<p>Sie beobachteten die Fahrt der britischen Milit\u00e4rfahrzeuge durch Scharbeutz Richtung Neustadt am 3. Mai. Und sie lebten danach mit den Folgen dieser Trag\u00f6die, als immer wieder Leichen an den Strand geschwemmt wurden.<\/p>\n<p style=\"margin: 0cm 0cm 2.85pt 0cm;\"><a href=\"https:\/\/hier-luebeck.de\/wp-content\/uploads\/2026\/05\/Ausstellung-Cap-Arcona-Tragoedie.jpg\"><img loading=\"lazy\" decoding=\"async\" class=\"size-large wp-image-458810 aligncenter\" src=\"https:\/\/hier-luebeck.de\/wp-content\/uploads\/2026\/05\/Ausstellung-Cap-Arcona-Tragoedie-295x550.jpg\" alt=\"\" width=\"295\" height=\"550\" srcset=\"https:\/\/hier-luebeck.de\/wp-content\/uploads\/2026\/05\/Ausstellung-Cap-Arcona-Tragoedie-295x550.jpg 295w, https:\/\/hier-luebeck.de\/wp-content\/uploads\/2026\/05\/Ausstellung-Cap-Arcona-Tragoedie-172x320.jpg 172w, https:\/\/hier-luebeck.de\/wp-content\/uploads\/2026\/05\/Ausstellung-Cap-Arcona-Tragoedie.jpg 322w\" sizes=\"auto, (max-width: 295px) 100vw, 295px\" \/><\/a><br \/>\nViele Menschen haben allerdings auch noch nie etwas von der Trag\u00f6die der \u201eCap Arcona\u201c geh\u00f6rt. Das Team des Regionalmuseums hat deshalb diese Ausstellung konzipiert, um an die Ereignisse zu erinnern und dar\u00fcber zu informieren.<\/p>\n<p style=\"margin: 0cm 0cm 2.85pt 0cm;\">Der Schwerpunkt liegt auf Berichten von Zeitzeugen, die erz\u00e4hlen, was sie erlebt und gesehen haben: Einwohner von Scharbeutz und Neustadt, H\u00e4ftlinge auf den bombardierten Schiffen, die das Inferno \u00fcberlebt haben, britische Soldaten, die am 3. Mai dabei waren.<\/p>\n<p style=\"margin: 0cm 0cm 2.85pt 0cm;\">Das Team des Regionalmuseums hat dazu einen Film mit historischen Aufnahmen zusammengestellt<br \/>\nund eine H\u00f6rstation mit Originaltondokumenten der Zeitzeugen eingerichtet. In Vitrinen liegen originale Fundst\u00fccke der untergegangenen Schiffe. Diese Ausstellung macht das damals Geschehene erschreckend deutlich.<\/p>\n<p style=\"margin: 0cm 0cm 2.85pt 0cm;\">Das Museum f\u00fcr Regionalgeschichte in der Lindenstra\u00dfe 23 in P\u00f6nitz ist jeweils am Dienstag von 15 bis 18 Uhr und am Sonnabend und Sonntag von 14 bis 17 Uhr ge\u00f6ffnet, der Eintritt ist frei.<br \/>\nBesuche und F\u00fchrungen f\u00fcr Gruppen und Schulklassen au\u00dferhalb der \u00d6ffnungszeiten kann man per Mail unter <a href=\"mailto:museum@museum-scharbeutz.de\">museum@museum-scharbeutz.de<\/a> vereinbaren.<\/p>\n<p style=\"margin: 0cm 0cm 2.85pt 0cm;\">Foto: \u00a9 Verein f\u00fcr Regionalgeschichte<\/p>\n","protected":false},"excerpt":{"rendered":"<p>Im Museum f\u00fcr Regionalgeschichte in P\u00f6nitz ist jetzt eine neue Ausstellung zu sehen: \u201eCap Arcona &#8211; 3. Mai 1945: Die<\/p>\n","protected":false},"author":3,"featured_media":458811,"comment_status":"closed","ping_status":"open","sticky":false,"template":"","format":"standard","meta":{"colormag_page_container_layout":"default_layout","colormag_page_sidebar_layout":"default_layout","footnotes":""},"categories":[15,26475,10,13],"tags":[28072],"class_list":["post-458809","post","type-post","status-publish","format-standard","has-post-thumbnail","hentry","category-kultur","category-kultur-wissenschaft","category-lubeck-lupe","category-veranstaltungen","tag-ausstellungserweiterung-zur-cap-arcona-tragoedie-im-museum-in-poenitz-eroeffnet"],"_links":{"self":[{"href":"https:\/\/hier-luebeck.de\/index.php\/wp-json\/wp\/v2\/posts\/458809","targetHints":{"allow":["GET"]}}],"collection":[{"href":"https:\/\/hier-luebeck.de\/index.php\/wp-json\/wp\/v2\/posts"}],"about":[{"href":"https:\/\/hier-luebeck.de\/index.php\/wp-json\/wp\/v2\/types\/post"}],"author":[{"embeddable":true,"href":"https:\/\/hier-luebeck.de\/index.php\/wp-json\/wp\/v2\/users\/3"}],"replies":[{"embeddable":true,"href":"https:\/\/hier-luebeck.de\/index.php\/wp-json\/wp\/v2\/comments?post=458809"}],"version-history":[{"count":2,"href":"https:\/\/hier-luebeck.de\/index.php\/wp-json\/wp\/v2\/posts\/458809\/revisions"}],"predecessor-version":[{"id":458813,"href":"https:\/\/hier-luebeck.de\/index.php\/wp-json\/wp\/v2\/posts\/458809\/revisions\/458813"}],"wp:featuredmedia":[{"embeddable":true,"href":"https:\/\/hier-luebeck.de\/index.php\/wp-json\/wp\/v2\/media\/458811"}],"wp:attachment":[{"href":"https:\/\/hier-luebeck.de\/index.php\/wp-json\/wp\/v2\/media?parent=458809"}],"wp:term":[{"taxonomy":"category","embeddable":true,"href":"https:\/\/hier-luebeck.de\/index.php\/wp-json\/wp\/v2\/categories?post=458809"},{"taxonomy":"post_tag","embeddable":true,"href":"https:\/\/hier-luebeck.de\/index.php\/wp-json\/wp\/v2\/tags?post=458809"}],"curies":[{"name":"wp","href":"https:\/\/api.w.org\/{rel}","templated":true}]}}