{"id":46185,"date":"2011-10-10T12:16:20","date_gmt":"2011-10-10T12:16:20","guid":{"rendered":"http:\/\/www.hier-luebeck.de\/2011\/10\/bpol-ki-lubeck-zwei-festnahmen-durch-die-bundespolizei-in-lubeck-7\/"},"modified":"2011-10-10T12:16:20","modified_gmt":"2011-10-10T12:16:20","slug":"bpol-ki-lubeck-zwei-festnahmen-durch-die-bundespolizei-in-lubeck-7","status":"publish","type":"post","link":"https:\/\/hier-luebeck.de\/index.php\/bpol-ki-lubeck-zwei-festnahmen-durch-die-bundespolizei-in-lubeck-7\/","title":{"rendered":"BPOL-KI: L\u00fcbeck: Zwei Festnahmen durch die Bundespolizei in L\u00fcbeck"},"content":{"rendered":"<p>Kiel (ots) &#8211; Freitagmorgen wurde im L\u00fcbecker Hauptbahnhof ein 36  Jahre alter Mann aus dem Senegal kontrolliert. Die \u00dcberpr\u00fcfung seiner Personalien ergab, dass der Mann zur Festnahme ausgeschrieben war. Er war wegen wiederholter Leistungserschleichung zur Zahlung einer  Geldstrafe verurteilt worden, hatte aber nicht gezahlt. Somit war er  zur Festnahme ausgeschrieben worden.<!--more--> Nun konnte er sich in der  Dienststelle der Bundespolizei \u00fcberlegen, ob er sofort 700 Euro &#8222;auf  den Tisch&#8220; legen oder 43 Tage in Haft verbringen wollte. Der  36-j\u00e4hrige zahlte und durfte gehen.     Sonntagmittag f\u00fchrten Bundespolizisten im L\u00fcbecker Hafen eine  Schiffskontrolle durch. Ein 50 Jahre alter Mann aus Estland war  ebenfalls zur Festnahme ausgeschrieben. Er war wegen Fahren unter  Alkoholeinfluss zu einer Geldstrafe von insgesamt 1800 Euro  verurteilt worden. Auch er entschied sich f\u00fcrs zahlen und gegen  &#8222;schwedische Gardinen&#8220;.  Die Bundespolizei veranlasste die L\u00f6schung  der Ausschreibung.     <\/p>\n<p>Quelle: <a href=\"http:\/\/www.presseportal.de\/polizeipresse\/pm\/70257\/2126795\/bpol-ki-luebeck-zwei-festnahmen-durch-die-bundespolizei-in-luebeck\/api\" target=\"_blank\">presseportal.de<\/a><\/p>\n","protected":false},"excerpt":{"rendered":"<p>Kiel (ots) &#8211; Freitagmorgen wurde im L\u00fcbecker Hauptbahnhof ein 36 Jahre alter Mann aus dem Senegal kontrolliert. Die \u00dcberpr\u00fcfung seiner<\/p>\n","protected":false},"author":3,"featured_media":0,"comment_status":"open","ping_status":"open","sticky":false,"template":"","format":"standard","meta":{"colormag_page_container_layout":"default_layout","colormag_page_sidebar_layout":"default_layout","footnotes":""},"categories":[20],"tags":[],"class_list":["post-46185","post","type-post","status-publish","format-standard","hentry","category-besondere-neuigkeiten"],"_links":{"self":[{"href":"https:\/\/hier-luebeck.de\/index.php\/wp-json\/wp\/v2\/posts\/46185","targetHints":{"allow":["GET"]}}],"collection":[{"href":"https:\/\/hier-luebeck.de\/index.php\/wp-json\/wp\/v2\/posts"}],"about":[{"href":"https:\/\/hier-luebeck.de\/index.php\/wp-json\/wp\/v2\/types\/post"}],"author":[{"embeddable":true,"href":"https:\/\/hier-luebeck.de\/index.php\/wp-json\/wp\/v2\/users\/3"}],"replies":[{"embeddable":true,"href":"https:\/\/hier-luebeck.de\/index.php\/wp-json\/wp\/v2\/comments?post=46185"}],"version-history":[{"count":0,"href":"https:\/\/hier-luebeck.de\/index.php\/wp-json\/wp\/v2\/posts\/46185\/revisions"}],"wp:attachment":[{"href":"https:\/\/hier-luebeck.de\/index.php\/wp-json\/wp\/v2\/media?parent=46185"}],"wp:term":[{"taxonomy":"category","embeddable":true,"href":"https:\/\/hier-luebeck.de\/index.php\/wp-json\/wp\/v2\/categories?post=46185"},{"taxonomy":"post_tag","embeddable":true,"href":"https:\/\/hier-luebeck.de\/index.php\/wp-json\/wp\/v2\/tags?post=46185"}],"curies":[{"name":"wp","href":"https:\/\/api.w.org\/{rel}","templated":true}]}}