{"id":46186,"date":"2011-10-10T10:36:30","date_gmt":"2011-10-10T10:36:30","guid":{"rendered":"http:\/\/www.hier-luebeck.de\/2011\/10\/bpol-ki-fehmarn-puttgarden-festnahme-und-unerlaubter-aufenthalt-beschaftigten-am-wochenende-die-bundespolizei-im-fahrhafen-7\/"},"modified":"2011-10-10T10:36:30","modified_gmt":"2011-10-10T10:36:30","slug":"bpol-ki-fehmarn-puttgarden-festnahme-und-unerlaubter-aufenthalt-beschaftigten-am-wochenende-die-bundespolizei-im-fahrhafen-7","status":"publish","type":"post","link":"https:\/\/hier-luebeck.de\/index.php\/bpol-ki-fehmarn-puttgarden-festnahme-und-unerlaubter-aufenthalt-beschaftigten-am-wochenende-die-bundespolizei-im-fahrhafen-7\/","title":{"rendered":"BPOL-KI: Fehmarn \/ Puttgarden: Festnahme und unerlaubter Aufenthalt besch\u00e4ftigten am Wochenende die Bundespolizei im F\u00e4hrhafen"},"content":{"rendered":"<p>Kiel (ots) &#8211; Rum\u00e4ne wurde per Vollstreckungshaftbefehl gesucht,  sechs Jugendliche aus Afghanistan bzw. Libyen wollten mit dem Zug  nach D\u00e4nemark.     Am vergangenen Wochenende wurde zuerst ein 16-j\u00e4hriger  Jugendlicher aus Libyen im ICE Richtung D\u00e4nemark kontrolliert.<!--more--> Da er  die erforderlichen Papiere nicht vorweisen konnte, wurde er mit in  die Dienststelle der Bundespolizei im F\u00e4hrhafen genommen. Nach  Abschluss der erforderlichen polizeilichen Ma\u00dfnahmen wurde er in  Absprache mit der Ausl\u00e4nderbeh\u00f6rde an eine Jugendhilfeeinrichtung  \u00fcbergeben. Durch Beamte der Bundeszollverwaltung wurden, ebenfalls in einem ICE Richtung D\u00e4nemark, f\u00fcnf Jugendliche aus Afghanistan  kontrolliert und im F\u00e4hrhafen an die Bundespolizei \u00fcbergeben. Dort  gaben die Jugendlichen an, zwischen 14 und 16 Jahren alt zu sein.  Auch diese Jugendlichen wurden nach Abschluss aller Ma\u00dfnahmen durch  die Bundespolizei an eine Jugendhilfeeinrichtung \u00fcbergeben.     Samstagabend wurde im F\u00e4hrhafen ein 48-j\u00e4hriger Rum\u00e4ne  kontrolliert. Es stellte sich heraus, dass er wegen Diebstahls zur  Festnahme ausgeschrieben war. Da er die gegen ihn verh\u00e4ngte  Geldstrafe, insgesamt knapp 700 Euro, nicht bezahlen konnte, wurde er im Verlauf des Abends durch die Bundespolizei in die  Justizvollzugsanstalt in L\u00fcbeck eingeliefert.     <\/p>\n<p>Quelle: <a href=\"http:\/\/www.presseportal.de\/polizeipresse\/pm\/70257\/2126654\/bpol-ki-fehmarn-puttgarden-festnahme-und-unerlaubter-aufenthalt-beschaeftigten-am-wochenende-die\/api\" target=\"_blank\">presseportal.de<\/a><\/p>\n","protected":false},"excerpt":{"rendered":"<p>Kiel (ots) &#8211; Rum\u00e4ne wurde per Vollstreckungshaftbefehl gesucht, sechs Jugendliche aus Afghanistan bzw. Libyen wollten mit dem Zug nach D\u00e4nemark.<\/p>\n","protected":false},"author":3,"featured_media":0,"comment_status":"open","ping_status":"open","sticky":false,"template":"","format":"standard","meta":{"colormag_page_container_layout":"default_layout","colormag_page_sidebar_layout":"default_layout","footnotes":""},"categories":[20],"tags":[],"class_list":["post-46186","post","type-post","status-publish","format-standard","hentry","category-besondere-neuigkeiten"],"_links":{"self":[{"href":"https:\/\/hier-luebeck.de\/index.php\/wp-json\/wp\/v2\/posts\/46186","targetHints":{"allow":["GET"]}}],"collection":[{"href":"https:\/\/hier-luebeck.de\/index.php\/wp-json\/wp\/v2\/posts"}],"about":[{"href":"https:\/\/hier-luebeck.de\/index.php\/wp-json\/wp\/v2\/types\/post"}],"author":[{"embeddable":true,"href":"https:\/\/hier-luebeck.de\/index.php\/wp-json\/wp\/v2\/users\/3"}],"replies":[{"embeddable":true,"href":"https:\/\/hier-luebeck.de\/index.php\/wp-json\/wp\/v2\/comments?post=46186"}],"version-history":[{"count":0,"href":"https:\/\/hier-luebeck.de\/index.php\/wp-json\/wp\/v2\/posts\/46186\/revisions"}],"wp:attachment":[{"href":"https:\/\/hier-luebeck.de\/index.php\/wp-json\/wp\/v2\/media?parent=46186"}],"wp:term":[{"taxonomy":"category","embeddable":true,"href":"https:\/\/hier-luebeck.de\/index.php\/wp-json\/wp\/v2\/categories?post=46186"},{"taxonomy":"post_tag","embeddable":true,"href":"https:\/\/hier-luebeck.de\/index.php\/wp-json\/wp\/v2\/tags?post=46186"}],"curies":[{"name":"wp","href":"https:\/\/api.w.org\/{rel}","templated":true}]}}