{"id":462241,"date":"2026-08-30T13:10:31","date_gmt":"2026-08-30T11:10:31","guid":{"rendered":"https:\/\/hier-luebeck.de\/?p=462241"},"modified":"2026-08-30T13:25:32","modified_gmt":"2026-08-30T11:25:32","slug":"fides-humanitas-stiftung-generalprobe-auf-dem-klingenberg-wir-sind-bereit-fuer-die-ehrenamtmesse","status":"publish","type":"post","link":"https:\/\/hier-luebeck.de\/index.php\/fides-humanitas-stiftung-generalprobe-auf-dem-klingenberg-wir-sind-bereit-fuer-die-ehrenamtmesse\/","title":{"rendered":"Fides Humanitas Stiftung: Generalprobe auf dem Klingenberg: Wir sind bereit f\u00fcr die EhrenamtMesse!"},"content":{"rendered":"<p>(TBF) <strong class=\"rQesXe MPyX\" data-sfc-cp=\"\" data-sfc-root=\"ep\" data-complete=\"true\" data-processed=\"true\" data-copy-service-computed-style=\"font-family: Google Sans, Arial, sans-serif; font-size: 16px; font-weight: 700; margin: 0px; text-decoration: none; border-bottom: 0px rgb(10, 10, 10);\">Gro\u00dfes Testen f\u00fcr den perfekten Auftritt:<!--TgQPHd|||[]--><\/strong> Am n\u00e4chsten Samstag verwandelt sich die L\u00fcbecker MuK (Musik- und Kongresshalle) in den Hotspot f\u00fcr Engagement \u2013 die <strong class=\"rQesXe MPyX\" data-sfc-cp=\"\" data-sfc-root=\"ep\" data-complete=\"true\" data-processed=\"true\" data-copy-service-computed-style=\"font-family: Google Sans, Arial, sans-serif; font-size: 16px; font-weight: 700; margin: 0px; text-decoration: none; border-bottom: 0px rgb(10, 10, 10);\">EhrenamtMesse<!--TgQPHd|||[]--><\/strong> steht vor der T\u00fcr! Unser Team der Fides Humanitas Stiftung hat sich auf dem Klingenberg getroffen, um das brandneue Equipment f\u00fcr unsere zwei Messezelte auf Herz und Nieren zu pr\u00fcfen. Der Vorstand hat n\u00e4mlich ordentlich aufger\u00fcstet!<!--more-->Bild: Das Banner strahlt in neuem Glanz<br \/>\n<a href=\"https:\/\/hier-luebeck.de\/wp-content\/uploads\/2026\/08\/Fides-Humanitas-Stiftung_Sandwiches-Zelt-Aktion29082026_2.jpg\"><img loading=\"lazy\" decoding=\"async\" class=\"size-full wp-image-462243 aligncenter\" src=\"https:\/\/hier-luebeck.de\/wp-content\/uploads\/2026\/08\/Fides-Humanitas-Stiftung_Sandwiches-Zelt-Aktion29082026_2.jpg\" alt=\"\" width=\"550\" height=\"335\" srcset=\"https:\/\/hier-luebeck.de\/wp-content\/uploads\/2026\/08\/Fides-Humanitas-Stiftung_Sandwiches-Zelt-Aktion29082026_2.jpg 550w, https:\/\/hier-luebeck.de\/wp-content\/uploads\/2026\/08\/Fides-Humanitas-Stiftung_Sandwiches-Zelt-Aktion29082026_2-320x195.jpg 320w\" sizes=\"auto, (max-width: 550px) 100vw, 550px\" \/><\/a><strong>Frischer Wind und neues Equipment mit im Gep\u00e4ck f\u00fcr den gro\u00dfen Tag:<\/strong><\/p>\n<div class=\"yhAwj\" data-sfc-cp=\"\" data-sfc-root=\"ep\" data-complete=\"true\" data-processed=\"true\" data-sfc-inited=\"2\" data-copy-service-computed-style=\"font-family: Google Sans, Arial, sans-serif; font-size: 14px; font-weight: 400; margin: 0px; text-decoration: none; border-bottom: 0px rgb(10, 10, 10);\">\n<ul class=\"KsbFXc U6u95\" data-sfc-cp=\"\" data-sfc-root=\"ep\" data-ved=\"2ahUKEwjBiLjilsiWAxVYQ_EDHfzNK_QQ-7AUegYIAAgJEAA\" data-hveid=\"CAAICRAA\" data-complete=\"true\" data-processed=\"true\" data-copy-service-computed-style=\"font-family: Google Sans, Arial, sans-serif; font-size: 16px; font-weight: 400; margin: 12px 0px 16px; text-decoration: none; border-bottom: 0px rgb(10, 10, 10);\">\n<li style=\"list-style-type: none;\">\n<ul class=\"KsbFXc U6u95\" data-sfc-cp=\"\" data-sfc-root=\"ep\" data-ved=\"2ahUKEwjBiLjilsiWAxVYQ_EDHfzNK_QQ-7AUegYIAAgJEAA\" data-hveid=\"CAAICRAA\" data-complete=\"true\" data-processed=\"true\" data-copy-service-computed-style=\"font-family: Google Sans, Arial, sans-serif; font-size: 16px; font-weight: 400; margin: 12px 0px 16px; text-decoration: none; border-bottom: 0px rgb(10, 10, 10);\">\n<li class=\"Z1qcYe\" data-sfc-cp=\"\" data-sfc-root=\"ep\" data-hveid=\"CAAICRAB\" data-complete=\"true\" data-sae=\"\" data-copy-service-computed-style=\"font-family: Google Sans, Arial, sans-serif; font-size: 16px; font-weight: 400; margin: 0px 0px 12px; text-decoration: none; border-bottom: 0px rgb(10, 10, 10);\"><span class=\"iNqyIf\" data-sfc-cp=\"\" data-sfc-root=\"ep\" data-complete=\"true\" data-copy-service-computed-style=\"font-family: Google Sans, Arial, sans-serif; font-size: 16px; font-weight: 400; margin: 0px; text-decoration: none; border-bottom: 0px rgb(10, 10, 10);\"><strong class=\"rQesXe MPyX\" data-sfc-cp=\"\" data-sfc-root=\"ep\" data-complete=\"true\" data-copy-service-computed-style=\"font-family: Google Sans, Arial, sans-serif; font-size: 16px; font-weight: 700; margin: 0px; text-decoration: none; border-bottom: 0px rgb(10, 10, 10);\">Digitaler Hingucker:<!--TgQPHd|||[]--><\/strong> Ein kompakter Fernseher f\u00fcr den Stand.<!--TgQPHd|||[]--><\/span><!--TgQPHd|||[]--><\/li>\n<li class=\"Z1qcYe\" data-sfc-cp=\"\" data-sfc-root=\"ep\" data-hveid=\"CAAICRAC\" data-complete=\"true\" data-sae=\"\" data-copy-service-computed-style=\"font-family: Google Sans, Arial, sans-serif; font-size: 16px; font-weight: 400; margin: 0px 0px 12px; text-decoration: none; border-bottom: 0px rgb(10, 10, 10);\"><span class=\"iNqyIf\" data-sfc-cp=\"\" data-sfc-root=\"ep\" data-complete=\"true\" data-copy-service-computed-style=\"font-family: Google Sans, Arial, sans-serif; font-size: 16px; font-weight: 400; margin: 0px; text-decoration: none; border-bottom: 0px rgb(10, 10, 10);\"><strong class=\"rQesXe MPyX\" data-sfc-cp=\"\" data-sfc-root=\"ep\" data-complete=\"true\" data-copy-service-computed-style=\"font-family: Google Sans, Arial, sans-serif; font-size: 16px; font-weight: 700; margin: 0px; text-decoration: none; border-bottom: 0px rgb(10, 10, 10);\">Perfektes Branding:<!--TgQPHd|||[]--><\/strong> Vier brandneue, 3 Meter lange Banner f\u00fcr die Zeltkanten.<!--TgQPHd|||[]--><\/span><!--TgQPHd|||[]--><\/li>\n<li class=\"Z1qcYe\" data-sfc-cp=\"\" data-sfc-root=\"ep\" data-hveid=\"CAAICRAD\" data-complete=\"true\" data-sae=\"\" data-copy-service-computed-style=\"font-family: Google Sans, Arial, sans-serif; font-size: 16px; font-weight: 400; margin: 0px 0px 12px; text-decoration: none; border-bottom: 0px rgb(10, 10, 10);\"><span class=\"iNqyIf\" data-sfc-cp=\"\" data-sfc-root=\"ep\" data-complete=\"true\" data-copy-service-computed-style=\"font-family: Google Sans, Arial, sans-serif; font-size: 16px; font-weight: 400; margin: 0px; text-decoration: none; border-bottom: 0px rgb(10, 10, 10);\"><strong class=\"rQesXe MPyX\" data-sfc-cp=\"\" data-sfc-root=\"ep\" data-complete=\"true\" data-copy-service-computed-style=\"font-family: Google Sans, Arial, sans-serif; font-size: 16px; font-weight: 700; margin: 0px; text-decoration: none; border-bottom: 0px rgb(10, 10, 10);\">Infomaterial en masse:<!--TgQPHd|||[]--><\/strong> Flyer, Brosch\u00fcren und Kundenstopper.<!--TgQPHd|||[]--><\/span><!--TgQPHd|||[]--><\/li>\n<li class=\"Z1qcYe\" data-sfc-cp=\"\" data-sfc-root=\"ep\" data-hveid=\"CAAICRAE\" data-complete=\"true\" data-sae=\"\" data-copy-service-computed-style=\"font-family: Google Sans, Arial, sans-serif; font-size: 16px; font-weight: 400; margin: 0px 0px 12px; text-decoration: none; border-bottom: 0px rgb(10, 10, 10);\"><span class=\"iNqyIf\" data-sfc-cp=\"\" data-sfc-root=\"ep\" data-complete=\"true\" data-copy-service-computed-style=\"font-family: Google Sans, Arial, sans-serif; font-size: 16px; font-weight: 400; margin: 0px; text-decoration: none; border-bottom: 0px rgb(10, 10, 10);\"><strong class=\"rQesXe MPyX\" data-sfc-cp=\"\" data-sfc-root=\"ep\" data-complete=\"true\" data-copy-service-computed-style=\"font-family: Google Sans, Arial, sans-serif; font-size: 16px; font-weight: 700; margin: 0px; text-decoration: none; border-bottom: 0px rgb(10, 10, 10);\">Verst\u00e4rkung gesucht:<!--TgQPHd|||[]--><\/strong> Ein gro\u00dfes A1-Plakat zur Helfersuche \u2013 inklusive einer echten Stellenanzeige f\u00fcr einen bezahlten Job!<!--TgQPHd|||[]--><\/span><!--TgQPHd|||[]--><\/li>\n<\/ul>\n<\/li>\n<\/ul>\n<p><!--TgQPHd|||[]--><\/p>\n<div class=\"n6owBd awi2gc\" data-sfc-cp=\"\" data-sfc-root=\"ep\" data-hveid=\"CAAIChAA\" data-complete=\"true\" data-processed=\"true\" data-copy-service-computed-style=\"font-family: Google Sans, Arial, sans-serif; font-size: 16px; font-weight: 400; margin: 12px 0px 16px; text-decoration: none; border-bottom: 0px rgb(10, 10, 10);\">\n<p>Dank vollem K\u00f6rpereinsatz und einer XXL-Lochzange wurden auch die elf neuen A1-Infobilder blitzschnell f\u00fcr die Ecken pr\u00e4pariert.<\/p>\n<div class=\"yhAwj\" data-sfc-cp=\"\" data-sfc-root=\"ep\" data-complete=\"true\" data-processed=\"true\" data-sfc-inited=\"2\" data-copy-service-computed-style=\"font-family: Google Sans, Arial, sans-serif; font-size: 14px; font-weight: 400; margin: 0px; text-decoration: none; border-bottom: 0px rgb(10, 10, 10);\">\n<div class=\"otQkpb\" role=\"heading\" aria-level=\"3\" data-animation-nesting=\"\" data-sfc-cp=\"\" data-wiz-attrbind=\"aria-level=ik2kxb_1c\/fLk2Md\" data-sfc-root=\"ep\" data-complete=\"true\" data-processed=\"true\" data-sae=\"\" data-copy-service-computed-style=\"font-family: Google Sans, Arial, sans-serif; font-size: 20px; font-weight: 600; margin: 24px 0px 12px; text-decoration: none; border-bottom: 0px rgb(10, 10, 10);\">Es werde Licht! &#x1f4a1;Da es in den Zelten im Hintergrund oft zu d\u00fcster war, hat unser Vorsitzender Wolfgang Freywald in acht kraftvolle LED-Strahler investiert. Der erste Live-Test war ein voller Erfolg: \u201eDer Vorher-Nachher-Effekt ist genial! Jetzt ist alles taghell und besonders unsere Banner knallen richtig ins Auge\u201c, freut sich Freywald.<strong class=\"rQesXe MPyX\" data-sfc-cp=\"\" data-sfc-root=\"ep\" data-complete=\"true\" data-processed=\"true\" data-copy-service-computed-style=\"font-family: Google Sans, Arial, sans-serif; font-size: 16px; font-weight: 700; margin: 0px; text-decoration: none; border-bottom: 0px rgb(10, 10, 10);\"><br \/>\n<a href=\"https:\/\/hier-luebeck.de\/wp-content\/uploads\/2026\/08\/Fides-Humanitas-Stiftung_Sandwiches-Zelt-Aktion29082026_8a.jpg\"><img loading=\"lazy\" decoding=\"async\" class=\"size-full wp-image-462244 aligncenter\" src=\"https:\/\/hier-luebeck.de\/wp-content\/uploads\/2026\/08\/Fides-Humanitas-Stiftung_Sandwiches-Zelt-Aktion29082026_8a.jpg\" alt=\"\" width=\"550\" height=\"312\" srcset=\"https:\/\/hier-luebeck.de\/wp-content\/uploads\/2026\/08\/Fides-Humanitas-Stiftung_Sandwiches-Zelt-Aktion29082026_8a.jpg 550w, https:\/\/hier-luebeck.de\/wp-content\/uploads\/2026\/08\/Fides-Humanitas-Stiftung_Sandwiches-Zelt-Aktion29082026_8a-320x182.jpg 320w\" sizes=\"auto, (max-width: 550px) 100vw, 550px\" \/><\/a><\/strong><strong>Sicherheit und gro\u00dfe Pl\u00e4ne f\u00fcr die Zukunft<\/strong><\/p>\n<div class=\"yhAwj\" data-sfc-cp=\"\" data-sfc-root=\"ep\" data-complete=\"true\" data-processed=\"true\" data-sfc-inited=\"2\" data-copy-service-computed-style=\"font-family: Google Sans, Arial, sans-serif; font-size: 14px; font-weight: 400; margin: 0px; text-decoration: none; border-bottom: 0px rgb(10, 10, 10);\">Auch hinter den Kulissen l\u00e4uft alles wie am Schn\u00fcrchen. Koordinator Ronald Lechner hat Profi-Unterst\u00fctzung an Bord geholt:<\/div>\n<div class=\"n6owBd awi2gc\" data-sfc-cp=\"\" data-sfc-root=\"ep\" data-hveid=\"CAAIDBAA\" data-complete=\"true\" data-processed=\"true\" data-copy-service-computed-style=\"font-family: Google Sans, Arial, sans-serif; font-size: 16px; font-weight: 400; margin: 12px 0px 16px; text-decoration: none; border-bottom: 0px rgb(10, 10, 10);\">\n<p><a href=\"https:\/\/hier-luebeck.de\/wp-content\/uploads\/2026\/08\/Fides-Humanitas-Stiftung_Sandwiches-Zelt-Aktion29082026_13a.jpg\"><img loading=\"lazy\" decoding=\"async\" class=\"size-large wp-image-462245 aligncenter\" src=\"https:\/\/hier-luebeck.de\/wp-content\/uploads\/2026\/08\/Fides-Humanitas-Stiftung_Sandwiches-Zelt-Aktion29082026_13a-395x550.jpg\" alt=\"\" width=\"395\" height=\"550\" srcset=\"https:\/\/hier-luebeck.de\/wp-content\/uploads\/2026\/08\/Fides-Humanitas-Stiftung_Sandwiches-Zelt-Aktion29082026_13a-395x550.jpg 395w, https:\/\/hier-luebeck.de\/wp-content\/uploads\/2026\/08\/Fides-Humanitas-Stiftung_Sandwiches-Zelt-Aktion29082026_13a-230x320.jpg 230w, https:\/\/hier-luebeck.de\/wp-content\/uploads\/2026\/08\/Fides-Humanitas-Stiftung_Sandwiches-Zelt-Aktion29082026_13a.jpg 550w\" sizes=\"auto, (max-width: 395px) 100vw, 395px\" \/><\/a><strong>So findet ihr uns: Der beste Platz an der MuK! &#x1f4cd;<\/strong><br \/>\nUnseren Stand k\u00f6nnt ihr gar nicht verfehlen! Wenn ihr von der Beckergrube \u00fcber die Trave-Br\u00fccke<\/p>\n<div class=\"yhAwj\" data-sfc-cp=\"\" data-sfc-root=\"ep\" data-complete=\"true\" data-processed=\"true\" data-sfc-inited=\"2\" data-copy-service-computed-style=\"font-family: Google Sans, Arial, sans-serif; font-size: 14px; font-weight: 400; margin: 0px; text-decoration: none; border-bottom: 0px rgb(10, 10, 10);\">\n<div class=\"otQkpb\" role=\"heading\" aria-level=\"3\" data-animation-nesting=\"\" data-sfc-cp=\"\" data-wiz-attrbind=\"aria-level=ik2kxb_1l\/fLk2Md\" data-sfc-root=\"ep\" data-complete=\"true\" data-processed=\"true\" data-sae=\"\" data-copy-service-computed-style=\"font-family: Google Sans, Arial, sans-serif; font-size: 20px; font-weight: 600; margin: 24px 0px 12px; text-decoration: none; border-bottom: 0px rgb(10, 10, 10);\">\n<p><strong>Kostenlose Anreise: Seien Sie dabei!<\/strong><\/p>\n<div class=\"n6owBd awi2gc\" data-sfc-cp=\"\" data-sfc-root=\"ep\" data-hveid=\"CAAIDRAA\" data-complete=\"true\" data-processed=\"true\" data-copy-service-computed-style=\"font-family: Google Sans, Arial, sans-serif; font-size: 16px; font-weight: 400; margin: 12px 0px 16px; text-decoration: none; border-bottom: 0px rgb(10, 10, 10);\">Vorstandsmitglied Oliver Siemsen bringt die Stimmung auf den Punkt: <em class=\"zhvwWe\" data-sfc-cp=\"\" data-sfc-root=\"ep\" data-complete=\"true\" data-processed=\"true\" data-copy-service-computed-style=\"font-family: Google Sans, Arial, sans-serif; font-size: 16px; font-weight: 400; margin: 0px; text-decoration: none; border-bottom: 0px rgb(10, 10, 10);\">\u201eDas ganze Team ist mega motiviert und wir k\u00f6nnen es kaum erwarten, dass es am Sonntag, den 6. September um 10 Uhr endlich losgeht!\u201c<br \/>\n<a href=\"https:\/\/hier-luebeck.de\/wp-content\/uploads\/2026\/08\/Ehrenamtmesse-Busfahrkarte.jpg\"><img loading=\"lazy\" decoding=\"async\" class=\"size-large wp-image-462242 aligncenter\" src=\"https:\/\/hier-luebeck.de\/wp-content\/uploads\/2026\/08\/Ehrenamtmesse-Busfahrkarte-550x344.jpg\" alt=\"\" width=\"550\" height=\"344\" srcset=\"https:\/\/hier-luebeck.de\/wp-content\/uploads\/2026\/08\/Ehrenamtmesse-Busfahrkarte-550x344.jpg 550w, https:\/\/hier-luebeck.de\/wp-content\/uploads\/2026\/08\/Ehrenamtmesse-Busfahrkarte-320x200.jpg 320w, https:\/\/hier-luebeck.de\/wp-content\/uploads\/2026\/08\/Ehrenamtmesse-Busfahrkarte.jpg 700w\" sizes=\"auto, (max-width: 550px) 100vw, 550px\" \/><\/a><strong class=\"rQesXe MPyX\" data-sfc-cp=\"\" data-sfc-root=\"ep\" data-complete=\"true\" data-processed=\"true\" data-copy-service-computed-style=\"font-family: Google Sans, Arial, sans-serif; font-size: 16px; font-weight: 700; margin: 0px; text-decoration: none; border-bottom: 0px rgb(10, 10, 10);\">Genialer Extra-Tipp f\u00fcr Ihren Besuch:<br \/>\n<\/strong>Die Stadt L\u00fcbeck spendiert eine kostenlose Busfahrt zur MuK und zur\u00fcck! <span class=\"iNqyIf\" data-sfc-cp=\"\" data-sfc-root=\"ep\" data-complete=\"true\" aria-owns=\"action-menu-parent-container\" data-copy-service-computed-style=\"font-family: Google Sans, Arial, sans-serif; font-size: 16px; font-weight: 400; margin: 0px; text-decoration: none; border-bottom: 0px rgb(10, 10, 10);\">So einfach geht&#8217;s:<em>Fotografiert einfach das Ticket unten ab und zeigt das Bild beim Busfahrer vor.<\/em><\/span><\/em><\/div>\n<\/div>\n<\/div>\n<\/div>\n<\/div>\n<\/div>\n<\/div>\n<\/div>\n","protected":false},"excerpt":{"rendered":"<p>(TBF) Gro\u00dfes Testen f\u00fcr den perfekten Auftritt: Am n\u00e4chsten Samstag verwandelt sich die L\u00fcbecker MuK (Musik- und Kongresshalle) in den<\/p>\n","protected":false},"author":3,"featured_media":462242,"comment_status":"closed","ping_status":"closed","sticky":false,"template":"","format":"standard","meta":{"colormag_page_container_layout":"default_layout","colormag_page_sidebar_layout":"default_layout","footnotes":""},"categories":[20,15,11,9,13],"tags":[28823,28822],"class_list":["post-462241","post","type-post","status-publish","format-standard","has-post-thumbnail","hentry","category-besondere-neuigkeiten","category-kultur","category-menschlich-gesehen","category-sport-freizeit","category-veranstaltungen","tag-fides-humanitas-stiftung-generalprobe-auf-dem-klingenberg-wir-sind-bereit-fuer-die-ehrenamtmesse","tag-fides-humanitas-stiftung-trotz-oefterem-regen-recht-erfolgreich"],"_links":{"self":[{"href":"https:\/\/hier-luebeck.de\/index.php\/wp-json\/wp\/v2\/posts\/462241","targetHints":{"allow":["GET"]}}],"collection":[{"href":"https:\/\/hier-luebeck.de\/index.php\/wp-json\/wp\/v2\/posts"}],"about":[{"href":"https:\/\/hier-luebeck.de\/index.php\/wp-json\/wp\/v2\/types\/post"}],"author":[{"embeddable":true,"href":"https:\/\/hier-luebeck.de\/index.php\/wp-json\/wp\/v2\/users\/3"}],"replies":[{"embeddable":true,"href":"https:\/\/hier-luebeck.de\/index.php\/wp-json\/wp\/v2\/comments?post=462241"}],"version-history":[{"count":8,"href":"https:\/\/hier-luebeck.de\/index.php\/wp-json\/wp\/v2\/posts\/462241\/revisions"}],"predecessor-version":[{"id":462254,"href":"https:\/\/hier-luebeck.de\/index.php\/wp-json\/wp\/v2\/posts\/462241\/revisions\/462254"}],"wp:featuredmedia":[{"embeddable":true,"href":"https:\/\/hier-luebeck.de\/index.php\/wp-json\/wp\/v2\/media\/462242"}],"wp:attachment":[{"href":"https:\/\/hier-luebeck.de\/index.php\/wp-json\/wp\/v2\/media?parent=462241"}],"wp:term":[{"taxonomy":"category","embeddable":true,"href":"https:\/\/hier-luebeck.de\/index.php\/wp-json\/wp\/v2\/categories?post=462241"},{"taxonomy":"post_tag","embeddable":true,"href":"https:\/\/hier-luebeck.de\/index.php\/wp-json\/wp\/v2\/tags?post=462241"}],"curies":[{"name":"wp","href":"https:\/\/api.w.org\/{rel}","templated":true}]}}