{"id":462255,"date":"2026-08-29T18:17:37","date_gmt":"2026-08-29T16:17:37","guid":{"rendered":"https:\/\/hier-luebeck.de\/index.php\/pol-hl-hl-st-lorenz-polizeiliche-abschlussmeldung-zum-fussballspiel-zwischen-dem-vfb-luebeck-und-dem-sv-drochtersen-assel\/"},"modified":"2026-08-29T18:17:37","modified_gmt":"2026-08-29T16:17:37","slug":"pol-hl-hl-st-lorenz-polizeiliche-abschlussmeldung-zum-fussballspiel-zwischen-dem-vfb-luebeck-und-dem-sv-drochtersen-assel","status":"publish","type":"post","link":"https:\/\/hier-luebeck.de\/index.php\/pol-hl-hl-st-lorenz-polizeiliche-abschlussmeldung-zum-fussballspiel-zwischen-dem-vfb-luebeck-und-dem-sv-drochtersen-assel\/","title":{"rendered":"POL-HL: HL-St. Lorenz \/ Polizeiliche Abschlussmeldung zum Fu\u00dfballspiel zwischen dem VfB L\u00fcbeck und dem SV Drochtersen\/Assel"},"content":{"rendered":"<p>L\u00fcbeck (ots) &#8211; <\/p>\n<p>Am Samstagnachmittag  (29.08.2026) fand auf der L\u00fcbecker Lohm\u00fchle das Fu\u00dfballspiel in der Regionalliga Nord zwischen dem VfB L\u00fcbeck und dem SV Drochtersen\/Assel statt.<br \/>\nDie Begegnung vor etwa 1924 Zuschauern endete mit 2:3. Die Polizeidirektion L\u00fcbeck begleitete die Sportveranstaltung mit einem angepassten Kr\u00e4fteansatz und wurde dabei von der Bereitschaftspolizei aus Eutin unterst\u00fctzt.<br \/>\nVor, w\u00e4hrend und nach der Begegnung blieb die Lage ruhig.<\/p>\n<p><!--more--><\/p>\n<p>Es kam zu keinen besonderen Vorkommnissen.<br \/>\nR\u00fcckfragen bitte an:<\/p>\n<p>Polizeidirektion L\u00fcbeck<br \/>\nStabsstelle \/ \u00d6ffentlichkeitsarbeit<br \/>\nAnna Julia Meyer<br \/>\nTelefon: 0451 \/ 131 &#8211; 2015<br \/>\nFax: 0451 \/ 131 &#8211; 2019<br \/>\nE-Mail: Pressestelle.luebeck.pd@polizei.landsh.de<\/p>\n<p>Original-Content von: Polizeidirektion L\u00fcbeck, \u00fcbermittelt durch news aktuell<\/p>\n<p>Dieser Beitrag wurde automatisch von Presseportal.de zur Verf\u00fcgung gestellt: https:\/\/www.presseportal.de\/blaulicht\/pm\/43738\/6342029<\/p>\n","protected":false},"excerpt":{"rendered":"<p>L\u00fcbeck (ots) &#8211; Am Samstagnachmittag (29.08.2026) fand auf der L\u00fcbecker Lohm\u00fchle das Fu\u00dfballspiel in der Regionalliga Nord zwischen dem VfB<\/p>\n","protected":false},"author":0,"featured_media":0,"comment_status":"open","ping_status":"open","sticky":false,"template":"","format":"standard","meta":{"colormag_page_container_layout":"default_layout","colormag_page_sidebar_layout":"default_layout","footnotes":""},"categories":[1527],"tags":[],"class_list":["post-462255","post","type-post","status-publish","format-standard","hentry","category-blaulicht"],"_links":{"self":[{"href":"https:\/\/hier-luebeck.de\/index.php\/wp-json\/wp\/v2\/posts\/462255","targetHints":{"allow":["GET"]}}],"collection":[{"href":"https:\/\/hier-luebeck.de\/index.php\/wp-json\/wp\/v2\/posts"}],"about":[{"href":"https:\/\/hier-luebeck.de\/index.php\/wp-json\/wp\/v2\/types\/post"}],"replies":[{"embeddable":true,"href":"https:\/\/hier-luebeck.de\/index.php\/wp-json\/wp\/v2\/comments?post=462255"}],"version-history":[{"count":0,"href":"https:\/\/hier-luebeck.de\/index.php\/wp-json\/wp\/v2\/posts\/462255\/revisions"}],"wp:attachment":[{"href":"https:\/\/hier-luebeck.de\/index.php\/wp-json\/wp\/v2\/media?parent=462255"}],"wp:term":[{"taxonomy":"category","embeddable":true,"href":"https:\/\/hier-luebeck.de\/index.php\/wp-json\/wp\/v2\/categories?post=462255"},{"taxonomy":"post_tag","embeddable":true,"href":"https:\/\/hier-luebeck.de\/index.php\/wp-json\/wp\/v2\/tags?post=462255"}],"curies":[{"name":"wp","href":"https:\/\/api.w.org\/{rel}","templated":true}]}}