{"id":462270,"date":"2026-08-31T15:02:39","date_gmt":"2026-08-31T13:02:39","guid":{"rendered":"https:\/\/hier-luebeck.de\/index.php\/pol-hl-hl-st-juergen-feuer-nach-blitzeinschlag-in-reetdachgebaeude\/"},"modified":"2026-08-31T15:02:39","modified_gmt":"2026-08-31T13:02:39","slug":"pol-hl-hl-st-juergen-feuer-nach-blitzeinschlag-in-reetdachgebaeude","status":"publish","type":"post","link":"https:\/\/hier-luebeck.de\/index.php\/pol-hl-hl-st-juergen-feuer-nach-blitzeinschlag-in-reetdachgebaeude\/","title":{"rendered":"POL-HL: HL-St. J\u00fcrgen \/ Feuer nach Blitzeinschlag in Reetdachgeb\u00e4ude"},"content":{"rendered":"<p>L\u00fcbeck (ots) &#8211; <\/p>\n<p>Nach einsetzendem Gewitter am Montagvormittag (31.08.2026) geriet in L\u00fcbeck St. J\u00fcrgen das Dach eines Reetdachgeb\u00e4udes in Brand. Den bisherigen Erkenntnissen nach sorgte ein Blitzeinschlag f\u00fcr den Ausbruch des Feuers. Der Feuerwehreinsatz dauert zur Stunde noch an. Aufgrund der Lage des Brandortes auf der in der Wakenitz gelegenen Insel Spieringshorst gestalteten sich die L\u00f6scharbeiten als herausfordernd &#8211; Einsatzkr\u00e4fte der Feuerwehr setzten samt Ger\u00e4t mittels kleinen Booten auf die Insel \u00fcber.<\/p>\n<p><!--more--><\/p>\n<p>Verletzt wurde nach bisherigem Sachstand niemand.<br \/>\nNachdem Montagvormittag starker Regen und Gewitter \u00fcber der Hansestadt eingesetzt hatten, wurden Einsatzkr\u00e4fte der Feuerwehr und Beamte des 4. Polizeireviers L\u00fcbeck gegen 09:35 Uhr zur der kleinen Insel Spieringshorst in der Wakenitz alarmiert. Dort schlug nach bisherigem Sachstand ein Blitz in ein Reetdachgeb\u00e4ude ein. Ein sich zum Zeitpunkt des Einschlages in dem Geb\u00e4ude befindlicher Mann konnte sich unverletzt ins Freie begeben.<br \/>\nOffene Flammen waren nicht zu erkennen, jedoch kam es aufgrund der Entz\u00fcndung des Reets zu einer starken Rauchentwicklung. Der Feuerwehreinsatz dauert zur Stunde noch an, Nachbargeb\u00e4ude sind nicht betroffen.<br \/>\nAm Vormittag verschafften sich Beamte der L\u00fcbecker Kriminalpolizei einen ersten \u00dcberblick am Brandort. Hinweise auf ein Fremdverschulden liegen aktuell nicht vor.<br \/>\nR\u00fcckfragen bitte an:<\/p>\n<p>Polizeidirektion L\u00fcbeck<br \/>\nStabsstelle \/ \u00d6ffentlichkeitsarbeit<br \/>\nUlli Fritz Gerlach &#8211; Pressesprecher &#8211;<br \/>\nTelefon: 0451 \/ 131-2006<br \/>\nFax: 0451 \/ 131 &#8211; 2019<br \/>\nE-Mail: Pressestelle.luebeck.pd@polizei.landsh.de<\/p>\n<p>Original-Content von: Polizeidirektion L\u00fcbeck, \u00fcbermittelt durch news aktuell<\/p>\n<p>Dieser Beitrag wurde automatisch von Presseportal.de zur Verf\u00fcgung gestellt: https:\/\/www.presseportal.de\/blaulicht\/pm\/43738\/6343039<\/p>\n","protected":false},"excerpt":{"rendered":"<p>L\u00fcbeck (ots) &#8211; Nach einsetzendem Gewitter am Montagvormittag (31.08.2026) geriet in L\u00fcbeck St. J\u00fcrgen das Dach eines Reetdachgeb\u00e4udes in Brand.<\/p>\n","protected":false},"author":0,"featured_media":0,"comment_status":"open","ping_status":"open","sticky":false,"template":"","format":"standard","meta":{"colormag_page_container_layout":"default_layout","colormag_page_sidebar_layout":"default_layout","footnotes":""},"categories":[1527],"tags":[],"class_list":["post-462270","post","type-post","status-publish","format-standard","hentry","category-blaulicht"],"_links":{"self":[{"href":"https:\/\/hier-luebeck.de\/index.php\/wp-json\/wp\/v2\/posts\/462270","targetHints":{"allow":["GET"]}}],"collection":[{"href":"https:\/\/hier-luebeck.de\/index.php\/wp-json\/wp\/v2\/posts"}],"about":[{"href":"https:\/\/hier-luebeck.de\/index.php\/wp-json\/wp\/v2\/types\/post"}],"replies":[{"embeddable":true,"href":"https:\/\/hier-luebeck.de\/index.php\/wp-json\/wp\/v2\/comments?post=462270"}],"version-history":[{"count":0,"href":"https:\/\/hier-luebeck.de\/index.php\/wp-json\/wp\/v2\/posts\/462270\/revisions"}],"wp:attachment":[{"href":"https:\/\/hier-luebeck.de\/index.php\/wp-json\/wp\/v2\/media?parent=462270"}],"wp:term":[{"taxonomy":"category","embeddable":true,"href":"https:\/\/hier-luebeck.de\/index.php\/wp-json\/wp\/v2\/categories?post=462270"},{"taxonomy":"post_tag","embeddable":true,"href":"https:\/\/hier-luebeck.de\/index.php\/wp-json\/wp\/v2\/tags?post=462270"}],"curies":[{"name":"wp","href":"https:\/\/api.w.org\/{rel}","templated":true}]}}