{"id":462271,"date":"2026-08-31T14:48:26","date_gmt":"2026-08-31T12:48:26","guid":{"rendered":"https:\/\/hier-luebeck.de\/index.php\/pol-hl-luebeck-innenstadt-auseinandersetzungen-unter-jugendlichen-in-luebecker-innenstadt-kriminalpolizei-ermittelt-und-sucht-zeugen\/"},"modified":"2026-08-31T14:48:26","modified_gmt":"2026-08-31T12:48:26","slug":"pol-hl-luebeck-innenstadt-auseinandersetzungen-unter-jugendlichen-in-luebecker-innenstadt-kriminalpolizei-ermittelt-und-sucht-zeugen","status":"publish","type":"post","link":"https:\/\/hier-luebeck.de\/index.php\/pol-hl-luebeck-innenstadt-auseinandersetzungen-unter-jugendlichen-in-luebecker-innenstadt-kriminalpolizei-ermittelt-und-sucht-zeugen\/","title":{"rendered":"POL-HL: L\u00fcbeck &#8211; Innenstadt \/ Auseinandersetzungen unter Jugendlichen in L\u00fcbecker Innenstadt &#8211; Kriminalpolizei ermittelt und sucht Zeugen"},"content":{"rendered":"<p>L\u00fcbeck (ots) &#8211; <\/p>\n<p>Am Samstagabend (29.08.2026) kam es in der L\u00fcbecker Innenstadt zu einer k\u00f6rperlichen Auseinandersetzung zwischen mehreren Jugendlichen. Ein 14-J\u00e4hriger soll dabei von mindestens zwei bislang unbekannten Jugendlichen geschlagen worden sein. Die L\u00fcbecker Kriminalpolizei hat die Ermittlungen \u00fcbernommen und sucht Zeuginnen und Zeugen.<br \/>\nNach bisherigen Erkenntnissen ereignete sich die Auseinandersetzung gegen 18:00 Uhr im Bereich der M\u00fchlenstra\u00dfe beziehungsweise des Pergamentmacherwegs in der dortigen Moschee.<\/p>\n<p><!--more--><\/p>\n<p>Ein 14-J\u00e4hriger soll dabei von mindestens zwei bislang unbekannten Jugendlichen geschlagen worden sein. Der Jugendliche wurde in der Folge leicht verletzt.<br \/>\nAls die Polizei Kenntnis erhielt und am Einsatzort eintraf, entfernte sich eine gr\u00f6\u00dfere Gruppe Jugendlicher in Richtung Aegidienstra\u00dfe. Nach derzeitigen Erkenntnissen ist davon auszugehen, dass sich darunter auch die bislang unbekannten Tatverd\u00e4chtigen befanden.<br \/>\nDie Polizei bittet daher insbesondere Personen, die sich am Samstag gegen 18:00 Uhr im Bereich der M\u00fchlenstra\u00dfe, des Pergamentmacherwegs oder der Aegidienstra\u00dfe aufgehalten haben, um Hinweise.<br \/>\nVon besonderem Interesse sind Beobachtungen zu einer gr\u00f6\u00dferen Gruppe Jugendlicher, die sich zu diesem Zeitpunkt in Richtung Aegidienstra\u00dfe bewegte. Auch Personen, die Angaben zur Zusammensetzung der Gruppe, einzelnen Jugendlichen oder dem weiteren Weg der Gruppe machen k\u00f6nnen, werden gebeten, sich bei der Polizei zu melden.<br \/>\nDa ein m\u00f6glicher politisch motivierter Hintergrund der Auseinandersetzung nach derzeitigem Sachstand nicht ausgeschlossen werden kann, hat das Staatsschutzkommissariat der L\u00fcbecker Kriminalpolizei die weiteren Ermittlungen \u00fcbernommen.<br \/>\nHinweise nehmen die Ermittler unter der Telefonnummer 0451-131 0 oder per E-Mail an K5.Luebeck.BKI@polizei.landsh.de entgegen.<br \/>\nR\u00fcckfragen bitte an:<\/p>\n<p>Polizeidirektion L\u00fcbeck<br \/>\nStabsstelle\/\u00d6ffentlichkeitsarbeit<br \/>\nPhilipp Jagelle &#8211; Pressesprecher<br \/>\nTelefon: 0451-131-2005<br \/>\nE-Mail: pressestelle.luebeck.pd@polizei.landsh.de<\/p>\n<p>Original-Content von: Polizeidirektion L\u00fcbeck, \u00fcbermittelt durch news aktuell<\/p>\n<p>Dieser Beitrag wurde automatisch von Presseportal.de zur Verf\u00fcgung gestellt: https:\/\/www.presseportal.de\/blaulicht\/pm\/43738\/6343022<\/p>\n","protected":false},"excerpt":{"rendered":"<p>L\u00fcbeck (ots) &#8211; Am Samstagabend (29.08.2026) kam es in der L\u00fcbecker Innenstadt zu einer k\u00f6rperlichen Auseinandersetzung zwischen mehreren Jugendlichen. Ein<\/p>\n","protected":false},"author":0,"featured_media":0,"comment_status":"open","ping_status":"open","sticky":false,"template":"","format":"standard","meta":{"colormag_page_container_layout":"default_layout","colormag_page_sidebar_layout":"default_layout","footnotes":""},"categories":[1527],"tags":[],"class_list":["post-462271","post","type-post","status-publish","format-standard","hentry","category-blaulicht"],"_links":{"self":[{"href":"https:\/\/hier-luebeck.de\/index.php\/wp-json\/wp\/v2\/posts\/462271","targetHints":{"allow":["GET"]}}],"collection":[{"href":"https:\/\/hier-luebeck.de\/index.php\/wp-json\/wp\/v2\/posts"}],"about":[{"href":"https:\/\/hier-luebeck.de\/index.php\/wp-json\/wp\/v2\/types\/post"}],"replies":[{"embeddable":true,"href":"https:\/\/hier-luebeck.de\/index.php\/wp-json\/wp\/v2\/comments?post=462271"}],"version-history":[{"count":0,"href":"https:\/\/hier-luebeck.de\/index.php\/wp-json\/wp\/v2\/posts\/462271\/revisions"}],"wp:attachment":[{"href":"https:\/\/hier-luebeck.de\/index.php\/wp-json\/wp\/v2\/media?parent=462271"}],"wp:term":[{"taxonomy":"category","embeddable":true,"href":"https:\/\/hier-luebeck.de\/index.php\/wp-json\/wp\/v2\/categories?post=462271"},{"taxonomy":"post_tag","embeddable":true,"href":"https:\/\/hier-luebeck.de\/index.php\/wp-json\/wp\/v2\/tags?post=462271"}],"curies":[{"name":"wp","href":"https:\/\/api.w.org\/{rel}","templated":true}]}}