{"id":462272,"date":"2026-08-31T14:35:52","date_gmt":"2026-08-31T12:35:52","guid":{"rendered":"https:\/\/hier-luebeck.de\/index.php\/pol-hl-oh-eutin-graffitischmierereien-in-eutin-tatverdaechtiger-gestellt\/"},"modified":"2026-08-31T14:35:52","modified_gmt":"2026-08-31T12:35:52","slug":"pol-hl-oh-eutin-graffitischmierereien-in-eutin-tatverdaechtiger-gestellt","status":"publish","type":"post","link":"https:\/\/hier-luebeck.de\/index.php\/pol-hl-oh-eutin-graffitischmierereien-in-eutin-tatverdaechtiger-gestellt\/","title":{"rendered":"POL-HL: OH-Eutin \/ Graffitischmierereien in Eutin: Tatverd\u00e4chtiger gestellt"},"content":{"rendered":"<p>L\u00fcbeck (ots) &#8211; <\/p>\n<p>In der Nacht zu Sonntag (30.08.2026) sind in Eutin eine Infotafel eines Supermarktes, Baustellenbaken sowie mehrere M\u00fclleimer mit gr\u00fcner und silberner Farbe bespr\u00fcht worden. Ein Zeuge konnte der Polizei in Eutin Hinweise auf den m\u00f6glichen Verursacher geben. Kurz darauf stellten die alarmierten Beamten den tatverd\u00e4chtigen Mann. Im Rahmen der Durchsuchung stellten sie bei ihm auch Farbspr\u00fchdosen sicher.<\/p>\n<p><!--more--><\/p>\n<p>Gegen den Ostholsteiner wird jetzt wegen des Verdachts der Sachbesch\u00e4digung durch Graffiti in mehreren F\u00e4llen ermittelt.<br \/>\nAufgefallen war der tatverd\u00e4chtige Mann einem Zeugen gegen 01:35 Uhr auf einem Supermarktparkplatz nahe der Industriestra\u00dfe in Eutin. Der Zeuge informierte eine zuf\u00e4llig vorbeifahrende Pr\u00e4senzstreife der Polizei.<br \/>\nKurz darauf konnten die  Polizeibeamten den Mann in Tatortn\u00e4he antreffen und stellen. Ein kurz angesetzter Fluchtversuch zu Fu\u00df misslang ihm &#8211; die Polizeibeamten waren schneller.<br \/>\nDie durch den 36 Jahre alten Ostholsteiner (Staatsangeh\u00f6rigkeit: Deutsch) mitgef\u00fchrten Farbspr\u00fchdosen stellten die Polizisten sicher. Er muss sich nun wegen des Verdachts der Sachbesch\u00e4digung durch Graffiti in mehreren F\u00e4llen verantworten. Frisch gespr\u00fchte Tags erkannten die Beamten aus Malente an einer Infotafel eines Supermarktes des Supermarktes in der Industriestra\u00dfe sowie an Baustellenbaken und M\u00fclleimern in der Weidestra\u00dfe und der B\u00fcrgermeister-Steenbock-Stra\u00dfe. Die Ermittlungen zu den Tat\u00f6rtlichkeiten sind noch nicht abgeschlossen.<br \/>\nR\u00fcckfragen bitte an:<\/p>\n<p>Polizeidirektion L\u00fcbeck<br \/>\nStabsstelle \/ \u00d6ffentlichkeitsarbeit<br \/>\nUlli Fritz Gerlach &#8211; Pressesprecher &#8211;<br \/>\nTelefon: 0451 \/ 131-2006<br \/>\nFax: 0451 \/ 131 &#8211; 2019<br \/>\nE-Mail: Pressestelle.luebeck.pd@polizei.landsh.de<\/p>\n<p>Original-Content von: Polizeidirektion L\u00fcbeck, \u00fcbermittelt durch news aktuell<\/p>\n<p>Dieser Beitrag wurde automatisch von Presseportal.de zur Verf\u00fcgung gestellt: https:\/\/www.presseportal.de\/blaulicht\/pm\/43738\/6343010<\/p>\n","protected":false},"excerpt":{"rendered":"<p>L\u00fcbeck (ots) &#8211; In der Nacht zu Sonntag (30.08.2026) sind in Eutin eine Infotafel eines Supermarktes, Baustellenbaken sowie mehrere M\u00fclleimer<\/p>\n","protected":false},"author":0,"featured_media":0,"comment_status":"open","ping_status":"open","sticky":false,"template":"","format":"standard","meta":{"colormag_page_container_layout":"default_layout","colormag_page_sidebar_layout":"default_layout","footnotes":""},"categories":[1527],"tags":[],"class_list":["post-462272","post","type-post","status-publish","format-standard","hentry","category-blaulicht"],"_links":{"self":[{"href":"https:\/\/hier-luebeck.de\/index.php\/wp-json\/wp\/v2\/posts\/462272","targetHints":{"allow":["GET"]}}],"collection":[{"href":"https:\/\/hier-luebeck.de\/index.php\/wp-json\/wp\/v2\/posts"}],"about":[{"href":"https:\/\/hier-luebeck.de\/index.php\/wp-json\/wp\/v2\/types\/post"}],"replies":[{"embeddable":true,"href":"https:\/\/hier-luebeck.de\/index.php\/wp-json\/wp\/v2\/comments?post=462272"}],"version-history":[{"count":0,"href":"https:\/\/hier-luebeck.de\/index.php\/wp-json\/wp\/v2\/posts\/462272\/revisions"}],"wp:attachment":[{"href":"https:\/\/hier-luebeck.de\/index.php\/wp-json\/wp\/v2\/media?parent=462272"}],"wp:term":[{"taxonomy":"category","embeddable":true,"href":"https:\/\/hier-luebeck.de\/index.php\/wp-json\/wp\/v2\/categories?post=462272"},{"taxonomy":"post_tag","embeddable":true,"href":"https:\/\/hier-luebeck.de\/index.php\/wp-json\/wp\/v2\/tags?post=462272"}],"curies":[{"name":"wp","href":"https:\/\/api.w.org\/{rel}","templated":true}]}}