{"id":462273,"date":"2026-08-31T13:38:04","date_gmt":"2026-08-31T11:38:04","guid":{"rendered":"https:\/\/hier-luebeck.de\/index.php\/pol-se-20260831-1-elmshorn-mann-nach-auseinandersetzung-schwer-verletzt\/"},"modified":"2026-08-31T13:38:04","modified_gmt":"2026-08-31T11:38:04","slug":"pol-se-20260831-1-elmshorn-mann-nach-auseinandersetzung-schwer-verletzt","status":"publish","type":"post","link":"https:\/\/hier-luebeck.de\/index.php\/pol-se-20260831-1-elmshorn-mann-nach-auseinandersetzung-schwer-verletzt\/","title":{"rendered":"POL-SE: 20260831.1 &#8211; Elmshorn: Mann nach Auseinandersetzung schwer verletzt"},"content":{"rendered":"<p>Elmshorn (ots) &#8211; <\/p>\n<p>Am fr\u00fchen Sonntagmorgen soll es in der Panjestra\u00dfe in Elmshorn zu einer Auseinandersetzung zwischen zwei M\u00e4nnern gekommen sein. Nachdem ein dritter den Streit habe schlichten wollen, habe sich das Szenario in Richtung Bahnhof verlagert. Ein Mann wurde mit einem Gegenstand schwer, zwei weitere leicht verletzt. Was Ausl\u00f6ser f\u00fcr den Streit war, ist nun Gegenstand der Ermittlungen.<\/p>\n<p><!--more--><\/p>\n<p>Nach bisherigen Erkenntnissen waren um 06:35 Uhr des Sonntagmorgen vor einer Bar in der Panjestra\u00dfe in Elmshorn ein 24-j\u00e4hriger Deutscher und ein 34-J\u00e4hriger Mann aneinander geraten. Im Zuge dieser Auseinandersetzung soll der j\u00fcngere der beiden seinen Kontrahenten mit einem spitzen Gegenstand so schwer verletzt haben, dass dieser sp\u00e4ter in ein Krankenhaus musste.<br \/>\nEin 55-j\u00e4hriger Mann habe versucht, die beiden Auseinander zu bringen und den Streit zu beschwichtigen. Hierbei erlitt auch er leichte Verletzungen. Er kam ebenfalls in ein Krankenhaus.<br \/>\nW\u00e4hrend der polizeilichen Ma\u00dfnahmen zeigte sich der 24-j\u00e4hrige fortlaufend aggressiv und griff die Beamten an. Hierbei wurde ein Polizeibeamter leicht verletzt, blieb aber weiter dienstf\u00e4hig. Sein renitentes Verhalten setzte der junge Mann nach Einlieferung in eine Spezialklinik fort. Gegen ihn wird wegen des Verdachts der gef\u00e4hrlichen K\u00f6rperverletzung ermittelt.<br \/>\nR\u00fcckfragen bitte an:<\/p>\n<p>Polizeidirektion Bad Segeberg<br \/>\n&#8211; Pressestelle &#8211;<br \/>\nDorfstr. 16-18<br \/>\n23795 Bad Segeberg<\/p>\n<p>Maik Seidel &#8211; Pressesprecher<br \/>\nTelefon: 04551 \/ 884-2020<br \/>\nE-Mail: oea.badsegeberg.pd@polizei.landsh.de<\/p>\n<p>Original-Content von: Polizeidirektion Bad Segeberg, \u00fcbermittelt durch news aktuell<\/p>\n<p>Dieser Beitrag wurde automatisch von Presseportal.de zur Verf\u00fcgung gestellt: https:\/\/www.presseportal.de\/blaulicht\/pm\/19027\/6342909<\/p>\n","protected":false},"excerpt":{"rendered":"<p>Elmshorn (ots) &#8211; Am fr\u00fchen Sonntagmorgen soll es in der Panjestra\u00dfe in Elmshorn zu einer Auseinandersetzung zwischen zwei M\u00e4nnern gekommen<\/p>\n","protected":false},"author":0,"featured_media":0,"comment_status":"open","ping_status":"open","sticky":false,"template":"","format":"standard","meta":{"colormag_page_container_layout":"default_layout","colormag_page_sidebar_layout":"default_layout","footnotes":""},"categories":[1527],"tags":[],"class_list":["post-462273","post","type-post","status-publish","format-standard","hentry","category-blaulicht"],"_links":{"self":[{"href":"https:\/\/hier-luebeck.de\/index.php\/wp-json\/wp\/v2\/posts\/462273","targetHints":{"allow":["GET"]}}],"collection":[{"href":"https:\/\/hier-luebeck.de\/index.php\/wp-json\/wp\/v2\/posts"}],"about":[{"href":"https:\/\/hier-luebeck.de\/index.php\/wp-json\/wp\/v2\/types\/post"}],"replies":[{"embeddable":true,"href":"https:\/\/hier-luebeck.de\/index.php\/wp-json\/wp\/v2\/comments?post=462273"}],"version-history":[{"count":0,"href":"https:\/\/hier-luebeck.de\/index.php\/wp-json\/wp\/v2\/posts\/462273\/revisions"}],"wp:attachment":[{"href":"https:\/\/hier-luebeck.de\/index.php\/wp-json\/wp\/v2\/media?parent=462273"}],"wp:term":[{"taxonomy":"category","embeddable":true,"href":"https:\/\/hier-luebeck.de\/index.php\/wp-json\/wp\/v2\/categories?post=462273"},{"taxonomy":"post_tag","embeddable":true,"href":"https:\/\/hier-luebeck.de\/index.php\/wp-json\/wp\/v2\/tags?post=462273"}],"curies":[{"name":"wp","href":"https:\/\/api.w.org\/{rel}","templated":true}]}}