{"id":462274,"date":"2026-08-31T13:00:41","date_gmt":"2026-08-31T11:00:41","guid":{"rendered":"https:\/\/hier-luebeck.de\/index.php\/pol-hl-luebeck-buntekuh-polizeihund-findet-rucksack-mit-betaeubungsmitteln\/"},"modified":"2026-08-31T13:00:41","modified_gmt":"2026-08-31T11:00:41","slug":"pol-hl-luebeck-buntekuh-polizeihund-findet-rucksack-mit-betaeubungsmitteln","status":"publish","type":"post","link":"https:\/\/hier-luebeck.de\/index.php\/pol-hl-luebeck-buntekuh-polizeihund-findet-rucksack-mit-betaeubungsmitteln\/","title":{"rendered":"POL-HL: L\u00fcbeck\/Buntekuh Polizeihund findet Rucksack mit Bet\u00e4ubungsmitteln"},"content":{"rendered":"<p>L\u00fcbeck (ots) &#8211; <\/p>\n<p>+++ Gemeinsame Medieninformation der Staatsanwaltschaft L\u00fcbeck und der Polizeidirektion L\u00fcbeck +++<\/p>\n<p>Samstag (29.08.2026) versuchte ein Radfahrer, sich einer Polizeikontrolle zu entziehen. Dabei verschwand ein Rucksack, den sp\u00e4ter ein Diensthund der Polizei fand. In dem Rucksack konnten Bet\u00e4ubungsmittel und Cannabis sichergestellt werden. Der Beschuldigte wurde vorl\u00e4ufig festgenommen und kam in Untersuchungshaft.<\/p>\n<p><!--more--><\/p>\n<p>Beamte des 2. Polizeireviers bemerkten am Samstag gegen 01.45 Uhr in der Fregattenstra\u00dfe einen Mann mit Rucksack auf einem E-Bike und entschlossen sich zur Kontrolle.<br \/>\nDer 38-j\u00e4hrige L\u00fcbecker (deutsche Staatsangeh\u00f6rigkeit) versuchte  zu fl\u00fcchten und fuhr mit einem E-Bike in Richtung in Richtung Klipperstra\u00dfe. Der Tatverd\u00e4chtige konnte auf einem Parkplatz angetroffen werden. Er hatte da weder Rucksack noch Fahrrad bei sich. Das Fahrrad wiederum konnte sp\u00e4ter auf dem Parkplatz eines Discounters gefunden werden. Eine \u00dcberpr\u00fcfung ergab, dass das Fahrrad entwendet worden war.<br \/>\nF\u00fcr die Suche nach dem Rucksack setzten die Beamten einen Diensthund ein, der den Rucksack in einem Geb\u00fcsch auffand. In dem Rucksack befanden sich Bet\u00e4ubungsmittel und Cannabis sowie weitere Gegenst\u00e4nde f\u00fcr das Handeltreiben.<br \/>\nEin Bereitschaftsstaatsanwalt entschied, dass der Tatverd\u00e4chtige vorl\u00e4ufig festgenommen und einem Richter vorgef\u00fchrt werden sollte.<br \/>\nDer 38-J\u00e4hrige kam noch am Samstag nach Vorf\u00fchrung beim Richter in Untersuchungshaft.<br \/>\nNachfragen zu dieser Medieninformation sind an die Pressestelle der Polizeidirektion L\u00fcbeck  zu richten.<br \/>\nR\u00fcckfragen bitte an:<\/p>\n<p>Polizeidirektion L\u00fcbeck<br \/>\nPressestelle<br \/>\nSvenja Pries<br \/>\nTelefon: 49 (0) 451\/131-2004<br \/>\nFax: + 49 (0) 431\/988-6-342901<br \/>\nE-Mail: Pressestelle.Luebeck.PD@polizei.landsh.de<\/p>\n<p>Original-Content von: Polizeidirektion L\u00fcbeck, \u00fcbermittelt durch news aktuell<\/p>\n<p>Dieser Beitrag wurde automatisch von Presseportal.de zur Verf\u00fcgung gestellt: https:\/\/www.presseportal.de\/blaulicht\/pm\/43738\/6342858<\/p>\n","protected":false},"excerpt":{"rendered":"<p>L\u00fcbeck (ots) &#8211; +++ Gemeinsame Medieninformation der Staatsanwaltschaft L\u00fcbeck und der Polizeidirektion L\u00fcbeck +++ Samstag (29.08.2026) versuchte ein Radfahrer, sich<\/p>\n","protected":false},"author":0,"featured_media":0,"comment_status":"open","ping_status":"open","sticky":false,"template":"","format":"standard","meta":{"colormag_page_container_layout":"default_layout","colormag_page_sidebar_layout":"default_layout","footnotes":""},"categories":[1527],"tags":[],"class_list":["post-462274","post","type-post","status-publish","format-standard","hentry","category-blaulicht"],"_links":{"self":[{"href":"https:\/\/hier-luebeck.de\/index.php\/wp-json\/wp\/v2\/posts\/462274","targetHints":{"allow":["GET"]}}],"collection":[{"href":"https:\/\/hier-luebeck.de\/index.php\/wp-json\/wp\/v2\/posts"}],"about":[{"href":"https:\/\/hier-luebeck.de\/index.php\/wp-json\/wp\/v2\/types\/post"}],"replies":[{"embeddable":true,"href":"https:\/\/hier-luebeck.de\/index.php\/wp-json\/wp\/v2\/comments?post=462274"}],"version-history":[{"count":0,"href":"https:\/\/hier-luebeck.de\/index.php\/wp-json\/wp\/v2\/posts\/462274\/revisions"}],"wp:attachment":[{"href":"https:\/\/hier-luebeck.de\/index.php\/wp-json\/wp\/v2\/media?parent=462274"}],"wp:term":[{"taxonomy":"category","embeddable":true,"href":"https:\/\/hier-luebeck.de\/index.php\/wp-json\/wp\/v2\/categories?post=462274"},{"taxonomy":"post_tag","embeddable":true,"href":"https:\/\/hier-luebeck.de\/index.php\/wp-json\/wp\/v2\/tags?post=462274"}],"curies":[{"name":"wp","href":"https:\/\/api.w.org\/{rel}","templated":true}]}}